{"id":164965,"date":"2020-04-20T13:56:38","date_gmt":"2020-04-20T16:56:38","guid":{"rendered":"http:\/\/www.caririemacao.com\/1\/?p=164965"},"modified":"2020-04-20T13:56:40","modified_gmt":"2020-04-20T16:56:40","slug":"caixa-paga-hoje-auxilio-a-mais-de-6-milhoes-saiba-quem-recebera","status":"publish","type":"post","link":"https:\/\/www.caririemacao.com\/1\/2020\/04\/20\/caixa-paga-hoje-auxilio-a-mais-de-6-milhoes-saiba-quem-recebera\/","title":{"rendered":"Caixa paga hoje aux\u00edlio a mais de 6 milh\u00f5es; saiba quem receber\u00e1"},"content":{"rendered":"\n<p>A Caixa Econ\u00f4mica Federal segue com o calend\u00e1rio de pagamentos do aux\u00edlio emergencial de R$ 600. Nesta segunda-feira (20), ser\u00e3o creditados os pagamentos para 6.154.392 pessoas, entre benefici\u00e1rios do Bolsa Fam\u00edlia e inscritos via aplicativo e site, que v\u00e3o receber por meio de poupan\u00e7a digital da CEF.<\/p>\n\n\n\n<p>At\u00e9 as 21h de sexta-feira, j\u00e1 haviam sido pagos R$ 11,36 bilh\u00f5es para 16,6 milh\u00f5es de brasileiros. Entre os que j\u00e1 receberam a primeira parcela do benef\u00edcio, est\u00e3o 9,29 milh\u00f5es de inscritos Cadastro \u00danico que n\u00e3o recebem Bolsa Fam\u00edlia; 3,85 milh\u00f5es de benefici\u00e1rios do Bolsa Fam\u00edlia; e 3,44 milh\u00f5es de cadastrados via aplicativo e site que j\u00e1 tinham conta poupan\u00e7a na Caixa. No s\u00e1bado, a Caixa creditou ainda o benef\u00edcio para outros 1,4 milh\u00e3o de inscritos via app e site.<\/p>\n\n\n\n<p>Ao todo, 45,2 milh\u00f5es de pessoas j\u00e1 haviam sido aprovadas para receber o aux\u00edlio emergencial, segundo a Dataprev.<\/p>\n\n\n\n<p><strong>S\u00e3o tr\u00eas calend\u00e1rios de pagamento diferentes:<\/strong><\/p>\n\n\n\n<ul class=\"wp-block-list\"><li>um para quem se inscreveu para receber o Aux\u00edlio Emergencial atrav\u00e9s do aplicativo ou do site do programa;<\/li><li>um segundo para os benefici\u00e1rios que recebem o Bolsa Fam\u00edlia;<\/li><li>e um terceiro para os inscritos no Cadastro \u00danico que n\u00e3o recebem o Bolsa Fam\u00edlia e mulheres chefes de fam\u00edlia.<\/li><\/ul>\n\n\n\n<p>Para quem receber via poupan\u00e7a digital da Caixa, os saques em dinheiro come\u00e7ar\u00e3o a ser liberados a partir do dia 27. Antes disso, no entanto, os recursos poder\u00e3o ser movimentados digitalmente.<\/p>\n\n\n\n<p><strong>VEJA O CALEND\u00c1RIO POR GRUPOS DE BENEFICI\u00c1RIOS<\/strong><\/p>\n\n\n\n<p>1. Inscritos no aplicativo e site<br>Segunda-feira (20):<br>\u2013 Cr\u00e9dito para 4.230.900 pessoas na Poupan\u00e7a Social Digital Caixa<\/p>\n\n\n\n<p>2. Bolsa Fam\u00edlia<br>Segunda-feira (20):<br>\u2013 1.923.492 benefici\u00e1rios do Bolsa Fam\u00edlia cujo \u00faltimo digito do NIS \u00e9 igual a 3<br>Quarta-feira (22):<br>\u2013 1.924.261 benefici\u00e1rios do Bolsa Fam\u00edlia cujo \u00faltimo digito do NIS \u00e9 igual a 4<br>Quinta-feira (23):<br>\u2013 1.922.522 benefici\u00e1rios do Bolsa Fam\u00edlia cujo \u00faltimo digito do NIS \u00e9 igual a 5<br>Sexta-feira (24):<br>\u2013 1.919.453 benefici\u00e1rios do Bolsa Fam\u00edlia cujo \u00faltimo digito do NIS \u00e9 igual a 6<br>Segunda-feira (27):<br>\u2013 1.921.061 benefici\u00e1rios do Bolsa Fam\u00edlia cujo \u00faltimo digito do NIS \u00e9 igual a 7<br>Ter\u00e7a-feira (28):<br>\u2013 1.917.991 benefici\u00e1rios do Bolsa Fam\u00edlia cujo \u00faltimo digito do NIS \u00e9 igual a 8<br>Quarta-feira (29):<br>\u2013 1.920.953 benefici\u00e1rios do Bolsa Fam\u00edlia cujo \u00faltimo digito do NIS \u00e9 igual a 9<br>Quinta-feira (30):<br>\u2013 1.918.047 benefici\u00e1rios do Bolsa Fam\u00edlia cujo \u00faltimo digito do NIS \u00e9 igual a 0<\/p>\n\n\n\n<p>3. Inscritos no Cadastro \u00danico que n\u00e3o recebem Bolsa Fam\u00edlia<br>Para os inscritos no Cad\u00danico e que n\u00e3o fazem parte do programa Bolsa Fam\u00edlia, a Caixa j\u00e1 creditou, entre os dias 14 e 17, R$ 6,3 bilh\u00f5es para 9,3 milh\u00f5es de brasileiros. Foram abertas mais de 6,4 milh\u00f5es de contas do tipo poupan\u00e7a social para esse p\u00fablico.<\/p>\n\n\n\n<p><strong>Conta poupan\u00e7a digital<\/strong><\/p>\n\n\n\n<p>A Caixa est\u00e1 abrindo automaticamente contas de poupan\u00e7a digitais para os benefici\u00e1rios considerados aptos a receber o aux\u00edlio emergencial e que n\u00e3o tenham outra conta banc\u00e1ria nem sejam benefici\u00e1rios do Bolsa Fam\u00edlia.<\/p>\n\n\n\n<p>Os que receberem o cr\u00e9dito por meio da conta digital poder\u00e3o efetuar transfer\u00eancias ilimitadas entre contas da Caixa ou realizar gratuitamente at\u00e9 tr\u00eas transfer\u00eancias para outros bancos a cada m\u00eas, pelos pr\u00f3ximos 90 dias. Al\u00e9m disso, podem pagar boletos e contas de \u00e1gua, luz, telefone, entre outras. A conta \u00e9 isenta de tarifas.<\/p>\n\n\n\n<p>O acesso \u00e0 conta \u00e9 feito pelo aplicativo CAIXA Tem.<\/p>\n\n\n\n<p><strong>Saques da poupan\u00e7a digital<\/strong><\/p>\n\n\n\n<p>Para evitar aglomera\u00e7\u00f5es nas ag\u00eancias, a Caixa estabeleceu um calend\u00e1rio para os benefici\u00e1rios que quiserem sacar em dinheiro o valor depositado nas poupan\u00e7as digitais abertas para os trabalhadores:<\/p>\n\n\n\n<p>27 de abril \u2013 nascidos em janeiro e fevereiro<br>28 de abril \u2013 nascidos em mar\u00e7o e abril<br>29 de abril \u2013 nascidos em maio e junho<br>30 de abril \u2013 nascidos julho e agosto<br>4 de maio \u2013 nascidos em setembro e outubro<br>5 de maio \u2013 nascidos em novembro e dezembro<\/p>\n\n\n\n<p><strong>Quem tem direito<\/strong><\/p>\n\n\n\n<p>Durante tr\u00eas meses, ser\u00e1 concedido aux\u00edlio emergencial de R$ 600 ao trabalhador que cumpra todos estes requisitos:<\/p>\n\n\n\n<ul class=\"wp-block-list\"><li>ser maior de 18 anos de idade com CPF regularizado;<\/li><li>n\u00e3o ter emprego formal;<\/li><li>n\u00e3o ser titular de benef\u00edcio previdenci\u00e1rio ou assistencial, benefici\u00e1rio do seguro-desemprego ou de programa de transfer\u00eancia de renda federal, \u00e0 exce\u00e7\u00e3o do Bolsa Fam\u00edlia;<\/li><li>ter renda familiar mensal por pessoa de at\u00e9 meio sal\u00e1rio m\u00ednimo (R$ 522,50) ou renda familiar mensal total de at\u00e9 tr\u00eas sal\u00e1rios m\u00ednimos (R$ 3.135);<\/li><li>que, no ano de 2018, n\u00e3o tiver recebido rendimentos tribut\u00e1veis acima de R$ 28.559,70 em 2018.<\/li><\/ul>\n\n\n\n<p>O aux\u00edlio ser\u00e1 cortado caso seja constatado o descumprimento desses requisitos. O trabalhador deve exercer atividade na condi\u00e7\u00e3o de:<\/p>\n\n\n\n<ul class=\"wp-block-list\"><li>microempreendedor individual (MEI);<\/li><li>contribuinte individual do Regime Geral de Previd\u00eancia Social que trabalhe por conta pr\u00f3pria;<\/li><li>trabalhador informal empregado, aut\u00f4nomo ou desempregado<\/li><li>intermitente inativo<\/li><li>estar inscrito no Cadastro \u00danico para Programas Sociais do Governo Federal (Cad\u00danico), at\u00e9 20 de mar\u00e7o de 2020<\/li><li>ou que se encaixe nos crit\u00e9rios de renda familiar mensal mencionados acima, desde que fa\u00e7a uma autodeclara\u00e7\u00e3o pelo site do governo.<\/li><\/ul>\n\n\n\n<p>A mulher que for m\u00e3e e chefe de fam\u00edlia e estiver dentro dos demais crit\u00e9rios poder\u00e1 receber R$ 1,2 mil (duas cotas) por m\u00eas.<\/p>\n\n\n\n<p>Na renda familiar, ser\u00e3o considerados todos os rendimentos obtidos por todos os membros que moram na mesma resid\u00eancia, exceto o dinheiro do Bolsa Fam\u00edlia.<\/p>\n\n\n\n<p>Quem recebe outro benef\u00edcio que n\u00e3o seja o Bolsa Fam\u00edlia (como seguro-desemprego e aposentadoria) n\u00e3o ter\u00e1 direito ao aux\u00edlio emergencial.<\/p>\n\n\n\n<ul class=\"wp-block-list\"><li>45,2 milh\u00f5es de pessoas foram aprovadas para receber o aux\u00edlio emergencial<\/li><\/ul>\n\n\n\n<p><strong>Como pedir o aux\u00edlio<\/strong><\/p>\n\n\n\n<p>Os trabalhadores podem pedir das seguintes formas:<\/p>\n\n\n\n<ul class=\"wp-block-list\"><li>Clique aqui para fazer a inscri\u00e7\u00e3o pelo site:<a href=\"https:\/\/auxilio.caixa.gov.br\/#\/inicio\">https:\/\/auxilio.caixa.gov.br\/#\/inicio<\/a><\/li><li>Clique aqui para baixar o aplicativo para celulares Android:<a href=\"https:\/\/play.google.com\/store\/apps\/details?id=br.gov.caixa.auxilio\">https:\/\/play.google.com\/store\/apps\/details?id=br.gov.caixa.auxilio<\/a><\/li><li>Clique aqui para baixar o aplicativo para iOS (celulares Apple):<a href=\"https:\/\/apps.apple.com\/br\/app\/caixa-aux%C3%ADlio-emergencial\/id1506494331\">https:\/\/apps.apple.com\/br\/app\/caixa-aux%C3%ADlio-emergencial\/id1506494331<\/a><\/li><\/ul>\n\n\n\n<p>O aplicativo e o site devem ser usados pelos trabalhadores que forem Microempreendedores Individuais (MEIs), trabalhadores informais sem registro e contribuintes individuais do INSS.<\/p>\n\n\n\n<p>Aqueles que j\u00e1 recebem o Bolsa Fam\u00edlia ou que est\u00e3o inscritos no Cadastro \u00danico (Cad\u00danico) n\u00e3o precisam se inscrever pelo aplicativo ou site. O pagamento ser\u00e1 feito automaticamente. (Clique aqui para ver como saber se voc\u00ea est\u00e1 no Cadastro \u00danico).<\/p>\n\n\n\n<p>A Caixa tamb\u00e9m disponibilizou o telefone 111 para tirar d\u00favidas dos trabalhadores sobre o aux\u00edlio emergencial. N\u00e3o ser\u00e1 poss\u00edvel se inscrever pelo telefone, apenas tirar d\u00favidas.<\/p>\n\n\n\n<p><em>G1<\/em><\/p>\n","protected":false},"excerpt":{"rendered":"<p>A Caixa Econ\u00f4mica Federal segue com o calend\u00e1rio de pagamentos do aux\u00edlio emergencial de R$ 600. Nesta segunda-feira (20), ser\u00e3o creditados os pagamentos para 6.154.392&hellip; <\/p>\n","protected":false},"author":2,"featured_media":164966,"comment_status":"closed","ping_status":"closed","sticky":false,"template":"","format":"standard","meta":{"sfsi_plus_gutenberg_text_before_share":"","sfsi_plus_gutenberg_show_text_before_share":"","sfsi_plus_gutenberg_icon_type":"","sfsi_plus_gutenberg_icon_alignemt":"","sfsi_plus_gutenburg_max_per_row":"","footnotes":""},"categories":[2],"tags":[],"class_list":["post-164965","post","type-post","status-publish","format-standard","has-post-thumbnail","hentry","category-geral"],"_links":{"self":[{"href":"https:\/\/www.caririemacao.com\/1\/wp-json\/wp\/v2\/posts\/164965","targetHints":{"allow":["GET"]}}],"collection":[{"href":"https:\/\/www.caririemacao.com\/1\/wp-json\/wp\/v2\/posts"}],"about":[{"href":"https:\/\/www.caririemacao.com\/1\/wp-json\/wp\/v2\/types\/post"}],"author":[{"embeddable":true,"href":"https:\/\/www.caririemacao.com\/1\/wp-json\/wp\/v2\/users\/2"}],"replies":[{"embeddable":true,"href":"https:\/\/www.caririemacao.com\/1\/wp-json\/wp\/v2\/comments?post=164965"}],"version-history":[{"count":1,"href":"https:\/\/www.caririemacao.com\/1\/wp-json\/wp\/v2\/posts\/164965\/revisions"}],"predecessor-version":[{"id":164967,"href":"https:\/\/www.caririemacao.com\/1\/wp-json\/wp\/v2\/posts\/164965\/revisions\/164967"}],"wp:featuredmedia":[{"embeddable":true,"href":"https:\/\/www.caririemacao.com\/1\/wp-json\/wp\/v2\/media\/164966"}],"wp:attachment":[{"href":"https:\/\/www.caririemacao.com\/1\/wp-json\/wp\/v2\/media?parent=164965"}],"wp:term":[{"taxonomy":"category","embeddable":true,"href":"https:\/\/www.caririemacao.com\/1\/wp-json\/wp\/v2\/categories?post=164965"},{"taxonomy":"post_tag","embeddable":true,"href":"https:\/\/www.caririemacao.com\/1\/wp-json\/wp\/v2\/tags?post=164965"}],"curies":[{"name":"wp","href":"https:\/\/api.w.org\/{rel}","templated":true}]}}