{"id":164973,"date":"2020-04-20T14:05:44","date_gmt":"2020-04-20T17:05:44","guid":{"rendered":"http:\/\/www.caririemacao.com\/1\/?p=164973"},"modified":"2020-04-20T14:05:46","modified_gmt":"2020-04-20T17:05:46","slug":"prf-recupera-em-joao-pessoa-um-caminhao-roubado-ha-17-anos-em-minas-gerais","status":"publish","type":"post","link":"https:\/\/www.caririemacao.com\/1\/2020\/04\/20\/prf-recupera-em-joao-pessoa-um-caminhao-roubado-ha-17-anos-em-minas-gerais\/","title":{"rendered":"PRF recupera, em Jo\u00e3o Pessoa, um caminh\u00e3o roubado h\u00e1 17 anos em Minas Gerais"},"content":{"rendered":"\n<p>A Pol\u00edcia Rodovi\u00e1ria Federal (PRF) na Para\u00edba recuperou nesse \u00faltimo fim de semana, em Jo\u00e3o Pessoa, um caminh\u00e3o que havia sido roubado em Minas Gerais h\u00e1 17 anos.&nbsp;<\/p>\n\n\n\n<p>A abordagem ocorreu no fim da manh\u00e3 do \u00faltimo s\u00e1bado (18) no km 89, da BR-101. Durante a fiscaliza\u00e7\u00e3o, os policiais constataram que o caminh\u00e3o Scania possu\u00eda registro de roubo ocorrido em abril de 2003 na cidade de Campo Belo, Minas Gerais.&nbsp;<\/p>\n\n\n\n<p>O condutor do ve\u00edculo, um homem de 28 anos, foi detido e dever\u00e1 responder pelo crime de recepta\u00e7\u00e3o de ve\u00edculo roubado.<\/p>\n","protected":false},"excerpt":{"rendered":"<p>A Pol\u00edcia Rodovi\u00e1ria Federal (PRF) na Para\u00edba recuperou nesse \u00faltimo fim de semana, em Jo\u00e3o Pessoa, um caminh\u00e3o que havia sido roubado em Minas Gerais&hellip; <\/p>\n","protected":false},"author":2,"featured_media":164974,"comment_status":"closed","ping_status":"closed","sticky":false,"template":"","format":"standard","meta":{"sfsi_plus_gutenberg_text_before_share":"","sfsi_plus_gutenberg_show_text_before_share":"","sfsi_plus_gutenberg_icon_type":"","sfsi_plus_gutenberg_icon_alignemt":"","sfsi_plus_gutenburg_max_per_row":"","footnotes":""},"categories":[2],"tags":[],"class_list":["post-164973","post","type-post","status-publish","format-standard","has-post-thumbnail","hentry","category-geral"],"_links":{"self":[{"href":"https:\/\/www.caririemacao.com\/1\/wp-json\/wp\/v2\/posts\/164973","targetHints":{"allow":["GET"]}}],"collection":[{"href":"https:\/\/www.caririemacao.com\/1\/wp-json\/wp\/v2\/posts"}],"about":[{"href":"https:\/\/www.caririemacao.com\/1\/wp-json\/wp\/v2\/types\/post"}],"author":[{"embeddable":true,"href":"https:\/\/www.caririemacao.com\/1\/wp-json\/wp\/v2\/users\/2"}],"replies":[{"embeddable":true,"href":"https:\/\/www.caririemacao.com\/1\/wp-json\/wp\/v2\/comments?post=164973"}],"version-history":[{"count":1,"href":"https:\/\/www.caririemacao.com\/1\/wp-json\/wp\/v2\/posts\/164973\/revisions"}],"predecessor-version":[{"id":164975,"href":"https:\/\/www.caririemacao.com\/1\/wp-json\/wp\/v2\/posts\/164973\/revisions\/164975"}],"wp:featuredmedia":[{"embeddable":true,"href":"https:\/\/www.caririemacao.com\/1\/wp-json\/wp\/v2\/media\/164974"}],"wp:attachment":[{"href":"https:\/\/www.caririemacao.com\/1\/wp-json\/wp\/v2\/media?parent=164973"}],"wp:term":[{"taxonomy":"category","embeddable":true,"href":"https:\/\/www.caririemacao.com\/1\/wp-json\/wp\/v2\/categories?post=164973"},{"taxonomy":"post_tag","embeddable":true,"href":"https:\/\/www.caririemacao.com\/1\/wp-json\/wp\/v2\/tags?post=164973"}],"curies":[{"name":"wp","href":"https:\/\/api.w.org\/{rel}","templated":true}]}}