{"id":164977,"date":"2020-04-20T14:07:37","date_gmt":"2020-04-20T17:07:37","guid":{"rendered":"http:\/\/www.caririemacao.com\/1\/?p=164977"},"modified":"2020-04-20T14:07:38","modified_gmt":"2020-04-20T17:07:38","slug":"covid-19-transtornos-de-ansiedade-e-o-habito-de-lavar-as-maos","status":"publish","type":"post","link":"https:\/\/www.caririemacao.com\/1\/2020\/04\/20\/covid-19-transtornos-de-ansiedade-e-o-habito-de-lavar-as-maos\/","title":{"rendered":"Covid-19: transtornos de ansiedade e o h\u00e1bito de lavar as m\u00e3os"},"content":{"rendered":"\n<p>Quantas vezes voc\u00ea tem lavado as m\u00e3os todos os dias devido \u00e0 Covid-19? Dezenas, certamente, e em uma quantidade bem maior do que era costume. Por causa disso, algumas pessoas come\u00e7am a se questionar: ser\u00e1 que essa frequ\u00eancia \u00e9 normal, ou estou adquirindo um Transtorno Obsessivo Compulsivo&nbsp;(TOC)?<\/p>\n\n\n\n<p>A psic\u00f3loga M\u00f4nica Costa,&nbsp;da Ecos&nbsp;(Espa\u00e7o, Cidadania e Oportunidades Sociais), explica o que \u00e9 esse dist\u00farbio e esclarece se h\u00e1 o risco de adquiri-lo ao higienizar as m\u00e3os mais vezes.<\/p>\n\n\n\n<p>\u201cO Transtorno Obsessivo Compulsivo \u00e9 um transtorno de ansiedade caracterizado por pensamentos e medos irracionais (obsess\u00f5es) que levam a comportamentos compulsivos. O fato de a pandemia estar nos obrigando a lavar as m\u00e3os o tempo inteiro e de forma preventiva, faz com que algumas pessoas pensem que isso vai provocar um Transtorno Obsessivo Compulsivo. Na realidade, o portador do transtorno est\u00e1 nesse momento com um n\u00edvel de ansiedade ainda maior, porque ele est\u00e1 o tempo inteiro repetindo o que ele j\u00e1 fazia antes. E isso s\u00f3 aumenta a ansiedade\u201d, explica.<\/p>\n\n\n\n<p>\u201cAgora, se voc\u00ea n\u00e3o \u00e9 portador do dist\u00farbio, voc\u00ea n\u00e3o vai se tornar um obsessivo compulsivo por causa do h\u00e1bito de lavar as m\u00e3os mais vezes, a menos que voc\u00ea j\u00e1 tenha na base emocional essa propens\u00e3o\u201d, complementa a especialista.<\/p>\n\n\n\n<p>Para quem n\u00e3o tem o diagn\u00f3stico de TOC e est\u00e1 receoso de adquirir um transtorno de ansiedade, M\u00f4nica Costa afirma que h\u00e1 como prevenir.<\/p>\n\n\n\n<p>\u201cA melhor forma de prevenir algum transtorno \u00e9 voc\u00ea, conscientemente, refletir sobre o que aquele comportamento est\u00e1 querendo lhe dizer. Se voc\u00ea sente o desejo de lavar as m\u00e3os, entendendo que aquilo vai livr\u00e1-lo de uma ansiedade, voc\u00ea lava as m\u00e3os, lava as m\u00e3os, lava as m\u00e3os, e cada vez vai ficando mais ansioso. A\u00ed j\u00e1 \u00e9 o in\u00edcio de um transtorno\u201d, diz.<\/p>\n\n\n\n<p>A especialista complementa que, quando a pessoa sabe de forma consciente que lavar as m\u00e3os \u00e9 uma medida preventiva em rela\u00e7\u00e3o \u00e0 Covid-19, isso n\u00e3o provoca nenhum mal e, portanto, n\u00e3o vai gerar um dist\u00farbio de ansiedade.<\/p>\n\n\n\n<p>A psic\u00f3loga da Ecos tamb\u00e9m refor\u00e7a que, nesse momento&nbsp;\u2014&nbsp;com divulga\u00e7\u00e3o a toda hora de estat\u00edsticas sobre a pandemia, al\u00e9m da obrigatoriedade do isolamento social para que n\u00e3o ocorra uma maior dissemina\u00e7\u00e3o do coronav\u00edrus&nbsp;\u2014, \u00e9 necess\u00e1rio que os indiv\u00edduos deem maior aten\u00e7\u00e3o \u00e0s suas emo\u00e7\u00f5es.<\/p>\n\n\n\n<p>\u201c\u00c9 importante n\u00f3s cuidarmos mesmo das nossas emo\u00e7\u00f5es, dos nossos sentimentos e dos nossos pensamentos, nesse momento, colocando pensamentos mais significativos, otimistas e positivos no cotidiano. Pense nisso\u201d, finaliza a psic\u00f3loga M\u00f4nica Costa, que \u00e9 gerente de Recursos Humanos da Ecos.<\/p>\n\n\n\n<p>Al\u00e9m de lavar com frequ\u00eancia as m\u00e3os com \u00e1gua e sab\u00e3o at\u00e9 a altura dos punhos (ou higieniz\u00e1-las com \u00e1lcool em gel), o Minist\u00e9rio da Sa\u00fade recomenda outras medidas para as pessoas se protegerem contra o coronav\u00edrus.<\/p>\n\n\n\n<p>Confira algumas:&nbsp; ao tossir ou espirrar, cubra nariz e boca com len\u00e7o ou com o bra\u00e7o, e n\u00e3o com as m\u00e3os; evite tocar olhos, nariz e boca com as m\u00e3os n\u00e3o lavadas; mantenha uma dist\u00e2ncia m\u00ednima de cerca de 2 metros de qualquer pessoa tossindo ou espirrando; higienize com frequ\u00eancia o celular e os brinquedos das crian\u00e7as; n\u00e3o compartilhe objetos de uso pessoal; mantenha os ambientes limpos e bem ventilados; evite circula\u00e7\u00e3o desnecess\u00e1ria nas ruas; utilize m\u00e1scaras caseiras ou artesanais feitas de tecido em situa\u00e7\u00f5es de sa\u00edda de sua resid\u00eancia; se puder, fique em casa.<\/p>\n\n\n\n<figure><iframe data-src=\"https:\/\/www.youtube.com\/embed\/G8KmM2pWyF4?feature=oembed\" allowfullscreen=\"\" src=\"data:image\/svg+xml;base64,PHN2ZyB3aWR0aD0iMSIgaGVpZ2h0PSIxIiB4bWxucz0iaHR0cDovL3d3dy53My5vcmcvMjAwMC9zdmciPjwvc3ZnPg==\" class=\"lazyload\" data-load-mode=\"1\"><\/iframe><\/figure>\n","protected":false},"excerpt":{"rendered":"<p>Quantas vezes voc\u00ea tem lavado as m\u00e3os todos os dias devido \u00e0 Covid-19? Dezenas, certamente, e em uma quantidade bem maior do que era costume.&hellip; <\/p>\n","protected":false},"author":2,"featured_media":164978,"comment_status":"closed","ping_status":"closed","sticky":false,"template":"","format":"standard","meta":{"sfsi_plus_gutenberg_text_before_share":"","sfsi_plus_gutenberg_show_text_before_share":"","sfsi_plus_gutenberg_icon_type":"","sfsi_plus_gutenberg_icon_alignemt":"","sfsi_plus_gutenburg_max_per_row":"","footnotes":""},"categories":[16],"tags":[],"class_list":["post-164977","post","type-post","status-publish","format-standard","has-post-thumbnail","hentry","category-saude"],"_links":{"self":[{"href":"https:\/\/www.caririemacao.com\/1\/wp-json\/wp\/v2\/posts\/164977","targetHints":{"allow":["GET"]}}],"collection":[{"href":"https:\/\/www.caririemacao.com\/1\/wp-json\/wp\/v2\/posts"}],"about":[{"href":"https:\/\/www.caririemacao.com\/1\/wp-json\/wp\/v2\/types\/post"}],"author":[{"embeddable":true,"href":"https:\/\/www.caririemacao.com\/1\/wp-json\/wp\/v2\/users\/2"}],"replies":[{"embeddable":true,"href":"https:\/\/www.caririemacao.com\/1\/wp-json\/wp\/v2\/comments?post=164977"}],"version-history":[{"count":1,"href":"https:\/\/www.caririemacao.com\/1\/wp-json\/wp\/v2\/posts\/164977\/revisions"}],"predecessor-version":[{"id":164979,"href":"https:\/\/www.caririemacao.com\/1\/wp-json\/wp\/v2\/posts\/164977\/revisions\/164979"}],"wp:featuredmedia":[{"embeddable":true,"href":"https:\/\/www.caririemacao.com\/1\/wp-json\/wp\/v2\/media\/164978"}],"wp:attachment":[{"href":"https:\/\/www.caririemacao.com\/1\/wp-json\/wp\/v2\/media?parent=164977"}],"wp:term":[{"taxonomy":"category","embeddable":true,"href":"https:\/\/www.caririemacao.com\/1\/wp-json\/wp\/v2\/categories?post=164977"},{"taxonomy":"post_tag","embeddable":true,"href":"https:\/\/www.caririemacao.com\/1\/wp-json\/wp\/v2\/tags?post=164977"}],"curies":[{"name":"wp","href":"https:\/\/api.w.org\/{rel}","templated":true}]}}