{"id":164981,"date":"2020-04-20T14:08:51","date_gmt":"2020-04-20T17:08:51","guid":{"rendered":"http:\/\/www.caririemacao.com\/1\/?p=164981"},"modified":"2020-04-20T14:08:54","modified_gmt":"2020-04-20T17:08:54","slug":"isolamento-social-pediatra-da-dicas-de-como-manter-a-qualidade-de-vida-das-criancas","status":"publish","type":"post","link":"https:\/\/www.caririemacao.com\/1\/2020\/04\/20\/isolamento-social-pediatra-da-dicas-de-como-manter-a-qualidade-de-vida-das-criancas\/","title":{"rendered":"Isolamento social: Pediatra d\u00e1 dicas de como manter a qualidade de vida das crian\u00e7as"},"content":{"rendered":"\n<p>A pediatra Socorro Martins afirmou que o momento de pandemia do novo coronav\u00edrus fez com que as fam\u00edlias modificassem totalmente suas rotinas, alterando tamb\u00e9m a vida das crian\u00e7as.<\/p>\n\n\n\n<p>Ela destacou que o isolamento aumenta o n\u00edvel de estresse que, se n\u00e3o for revertido, pode se tornar t\u00f3xico e trazer altera\u00e7\u00f5es fisiol\u00f3gicas na crian\u00e7a e colocar em risco a constru\u00e7\u00e3o saud\u00e1vel da arquitetura cerebral.<\/p>\n\n\n\n<p>Segundo Socorro, o estresse pode baixar a imunidade, aumentar a irritabilidade e reduzir a qualidade do sono da crian\u00e7a. Ela frisou, durante entrevista \u00e0 R\u00e1dio Caturit\u00e9 FM, que a m\u00e9dio e longo prazo essa realidade estressante pode atrasar o desenvolvimento e desencadear transtornos, como a ansiedade.<\/p>\n\n\n\n<p>\u2013 A necessidade de se manter em casa modificou completamente o funcionamento da vida de todos. \u00c9 imprescind\u00edvel o suporte para as fam\u00edlias de uma maneira que minimize o impacto na sa\u00fade f\u00edsica e no desenvolvimento das crian\u00e7as \u2013 frisou.<\/p>\n\n\n\n<p>Para reverter o estresse, a pediatra recomendou que os adultos organizem os hor\u00e1rios de trabalhos dom\u00e9sticos para que uma rotina seja criada. Al\u00e9m disso, \u00e9 preciso incentivar a crian\u00e7a a organizar os hor\u00e1rios da brincadeira, do estudo, do sono, da m\u00fasica e da alimenta\u00e7\u00e3o.<\/p>\n\n\n\n<p>Socorro acentuou que a linguagem simples \u00e9 fundamental para fazer com que a crian\u00e7a entenda o que est\u00e1 sendo passado.<\/p>\n\n\n\n<p>Ela tamb\u00e9m ressaltou que \u00e9 preciso estimular medidas de higiene de forma l\u00fadica, fazendo com que as crian\u00e7as incorporem os h\u00e1bitos di\u00e1rios, mesmo ap\u00f3s a pandemia.<\/p>\n","protected":false},"excerpt":{"rendered":"<p>A pediatra Socorro Martins afirmou que o momento de pandemia do novo coronav\u00edrus fez com que as fam\u00edlias modificassem totalmente suas rotinas, alterando tamb\u00e9m a&hellip; <\/p>\n","protected":false},"author":2,"featured_media":164982,"comment_status":"closed","ping_status":"closed","sticky":false,"template":"","format":"standard","meta":{"sfsi_plus_gutenberg_text_before_share":"","sfsi_plus_gutenberg_show_text_before_share":"","sfsi_plus_gutenberg_icon_type":"","sfsi_plus_gutenberg_icon_alignemt":"","sfsi_plus_gutenburg_max_per_row":"","footnotes":""},"categories":[2],"tags":[],"class_list":["post-164981","post","type-post","status-publish","format-standard","has-post-thumbnail","hentry","category-geral"],"_links":{"self":[{"href":"https:\/\/www.caririemacao.com\/1\/wp-json\/wp\/v2\/posts\/164981","targetHints":{"allow":["GET"]}}],"collection":[{"href":"https:\/\/www.caririemacao.com\/1\/wp-json\/wp\/v2\/posts"}],"about":[{"href":"https:\/\/www.caririemacao.com\/1\/wp-json\/wp\/v2\/types\/post"}],"author":[{"embeddable":true,"href":"https:\/\/www.caririemacao.com\/1\/wp-json\/wp\/v2\/users\/2"}],"replies":[{"embeddable":true,"href":"https:\/\/www.caririemacao.com\/1\/wp-json\/wp\/v2\/comments?post=164981"}],"version-history":[{"count":1,"href":"https:\/\/www.caririemacao.com\/1\/wp-json\/wp\/v2\/posts\/164981\/revisions"}],"predecessor-version":[{"id":164983,"href":"https:\/\/www.caririemacao.com\/1\/wp-json\/wp\/v2\/posts\/164981\/revisions\/164983"}],"wp:featuredmedia":[{"embeddable":true,"href":"https:\/\/www.caririemacao.com\/1\/wp-json\/wp\/v2\/media\/164982"}],"wp:attachment":[{"href":"https:\/\/www.caririemacao.com\/1\/wp-json\/wp\/v2\/media?parent=164981"}],"wp:term":[{"taxonomy":"category","embeddable":true,"href":"https:\/\/www.caririemacao.com\/1\/wp-json\/wp\/v2\/categories?post=164981"},{"taxonomy":"post_tag","embeddable":true,"href":"https:\/\/www.caririemacao.com\/1\/wp-json\/wp\/v2\/tags?post=164981"}],"curies":[{"name":"wp","href":"https:\/\/api.w.org\/{rel}","templated":true}]}}