{"id":164987,"date":"2020-04-20T14:35:53","date_gmt":"2020-04-20T17:35:53","guid":{"rendered":"http:\/\/www.caririemacao.com\/1\/?p=164987"},"modified":"2020-04-20T14:35:55","modified_gmt":"2020-04-20T17:35:55","slug":"prefeito-eden-prorroga-decretos-e-suspende-retorno-das-aulas-ate-03-de-maio","status":"publish","type":"post","link":"https:\/\/www.caririemacao.com\/1\/2020\/04\/20\/prefeito-eden-prorroga-decretos-e-suspende-retorno-das-aulas-ate-03-de-maio\/","title":{"rendered":"Prefeito \u00c9den prorroga decretos e suspende retorno das aulas at\u00e9 03 de maio"},"content":{"rendered":"\n<p>O prefeito de Sum\u00e9, \u00c9den Duarte, prorrogou nesta segunda-feira (20) os decretos emitidos pelo governo municipal que trata sobre as medidas emergenciais adotadas pela Prefeitura na preven\u00e7\u00e3o de cont\u00e1gio pelo novo coronav\u00edrus.<\/p>\n\n\n\n<p>Ficam prorrogados os decretos 1.311, que declara situa\u00e7\u00e3o de emerg\u00eancia em sa\u00fade p\u00fablica no munic\u00edpio de Sum\u00e9 decorrente da Covid-19; o decreto 1.312 que suspende a feira livre, feira de gado e feira de trocas no municpio por tempo indeterminado e os decretos 1.313, 1.314, 1.315 e 1.318, que respectivamente, adota medidas de fechamento do com\u00e9rcio, imp\u00f5e a obriga\u00e7\u00e3o de quarentena para quem chega no munic\u00edpio, suspende pagamentos de IPTU e alugu\u00e9is de pr\u00e9dios p\u00fablicos e decreta estado de calamidade p\u00fablica ocasionada pela pandemia do novo coronav\u00edrus.<\/p>\n\n\n\n<p>Fica acrescentado ainda no decreto expedido nesta segunda-feira (20) e publicado no boletim oficial do munic\u00edpio, o funcionamento de \u00f3ticas e de estabelecimentos que comercializem produtos m\u00e9dicos\/hospitalares, que poder\u00e3o funcionar, exclusivamente, por meio de entrega em domic\u00edlio e\/ou como ponto de retirada de mercadorias e com agendamento de atendimento, vedando-se a aglomera\u00e7\u00e3o de pessoas.<\/p>\n\n\n\n<p>O novo decreto tamb\u00e9m trata da suspens\u00e3o das aulas da rede municipal de Sum\u00e9 at\u00e9 03 de maio. Com rela\u00e7\u00e3o \u00e0s atividades escolares o prefeito \u00c9den Duarte est\u00e1 seguindo o calend\u00e1rio do Governo do Estado da Para\u00edba.<\/p>\n\n\n\n<p>Ascom PMS<\/p>\n","protected":false},"excerpt":{"rendered":"<p>O prefeito de Sum\u00e9, \u00c9den Duarte, prorrogou nesta segunda-feira (20) os decretos emitidos pelo governo municipal que trata sobre as medidas emergenciais adotadas pela Prefeitura&hellip; <\/p>\n","protected":false},"author":2,"featured_media":164500,"comment_status":"closed","ping_status":"closed","sticky":false,"template":"","format":"standard","meta":{"sfsi_plus_gutenberg_text_before_share":"","sfsi_plus_gutenberg_show_text_before_share":"","sfsi_plus_gutenberg_icon_type":"","sfsi_plus_gutenberg_icon_alignemt":"","sfsi_plus_gutenburg_max_per_row":"","footnotes":""},"categories":[6],"tags":[],"class_list":["post-164987","post","type-post","status-publish","format-standard","has-post-thumbnail","hentry","category-cidades"],"_links":{"self":[{"href":"https:\/\/www.caririemacao.com\/1\/wp-json\/wp\/v2\/posts\/164987","targetHints":{"allow":["GET"]}}],"collection":[{"href":"https:\/\/www.caririemacao.com\/1\/wp-json\/wp\/v2\/posts"}],"about":[{"href":"https:\/\/www.caririemacao.com\/1\/wp-json\/wp\/v2\/types\/post"}],"author":[{"embeddable":true,"href":"https:\/\/www.caririemacao.com\/1\/wp-json\/wp\/v2\/users\/2"}],"replies":[{"embeddable":true,"href":"https:\/\/www.caririemacao.com\/1\/wp-json\/wp\/v2\/comments?post=164987"}],"version-history":[{"count":1,"href":"https:\/\/www.caririemacao.com\/1\/wp-json\/wp\/v2\/posts\/164987\/revisions"}],"predecessor-version":[{"id":164988,"href":"https:\/\/www.caririemacao.com\/1\/wp-json\/wp\/v2\/posts\/164987\/revisions\/164988"}],"wp:featuredmedia":[{"embeddable":true,"href":"https:\/\/www.caririemacao.com\/1\/wp-json\/wp\/v2\/media\/164500"}],"wp:attachment":[{"href":"https:\/\/www.caririemacao.com\/1\/wp-json\/wp\/v2\/media?parent=164987"}],"wp:term":[{"taxonomy":"category","embeddable":true,"href":"https:\/\/www.caririemacao.com\/1\/wp-json\/wp\/v2\/categories?post=164987"},{"taxonomy":"post_tag","embeddable":true,"href":"https:\/\/www.caririemacao.com\/1\/wp-json\/wp\/v2\/tags?post=164987"}],"curies":[{"name":"wp","href":"https:\/\/api.w.org\/{rel}","templated":true}]}}