{"id":164993,"date":"2020-04-20T19:09:53","date_gmt":"2020-04-20T22:09:53","guid":{"rendered":"http:\/\/www.caririemacao.com\/1\/?p=164993"},"modified":"2020-04-20T19:09:54","modified_gmt":"2020-04-20T22:09:54","slug":"barra-de-sao-miguel-registra-1-caso-de-covid-19-nesta-segunda","status":"publish","type":"post","link":"https:\/\/www.caririemacao.com\/1\/2020\/04\/20\/barra-de-sao-miguel-registra-1-caso-de-covid-19-nesta-segunda\/","title":{"rendered":"Barra de S\u00e3o Miguel registra 1\u00b0 caso de Covid-19 nesta segunda"},"content":{"rendered":"\n<p>Nesta segunda-feira(20) foi confirmado o quarto caso de Covid-19 (novo coronav\u00edrus) na regi\u00e3o do Cariri. Um jovem de 25 anos de idade, residente no S\u00edtio Riacho Fundo, zona rural de Barra de S\u00e3o Miguel, testou positivo para o novo v\u00edrus.<\/p>\n\n\n\n<p><br>A Prefeitura de Barra de S\u00e3o Miguel, atrav\u00e9s da Secretaria Municipal de Sa\u00fade, confirmou atrav\u00e9s de nota oficial o resultado do teste positivo.<\/p>\n\n\n\n<p><br>Recentemente o jovem esteve na feira da Ceasa em Campina Grande e ap\u00f3s alguns dias come\u00e7ou a sentir os sintomas da doen\u00e7a. O jovem se encontra em isolamento domiciliar em Campina Grande e est\u00e1 se recuperando da doen\u00e7a.<\/p>\n\n\n\n<p><br>A Prefeitura do Barra de S\u00e3o Miguel pede para que a popula\u00e7\u00e3o mantenha os cuidados e medidas de prote\u00e7\u00e3o e ao perceber sintomas procure o servi\u00e7o municipal de sa\u00fade.<br>Os outros demais casos do Covid-19 na regi\u00e3o do Cariri, foram registrados nos munic\u00edpios de Serra Branca, Tapero\u00e1 e Congo.<\/p>\n\n\n\n<p><br><strong>De Olho no Cariri<\/strong><\/p>\n","protected":false},"excerpt":{"rendered":"<p>Nesta segunda-feira(20) foi confirmado o quarto caso de Covid-19 (novo coronav\u00edrus) na regi\u00e3o do Cariri. Um jovem de 25 anos de idade, residente no S\u00edtio&hellip; <\/p>\n","protected":false},"author":1,"featured_media":164994,"comment_status":"closed","ping_status":"closed","sticky":false,"template":"","format":"standard","meta":{"sfsi_plus_gutenberg_text_before_share":"","sfsi_plus_gutenberg_show_text_before_share":"","sfsi_plus_gutenberg_icon_type":"","sfsi_plus_gutenberg_icon_alignemt":"","sfsi_plus_gutenburg_max_per_row":"","footnotes":""},"categories":[6,50],"tags":[],"class_list":["post-164993","post","type-post","status-publish","format-standard","has-post-thumbnail","hentry","category-cidades","category-destaque"],"_links":{"self":[{"href":"https:\/\/www.caririemacao.com\/1\/wp-json\/wp\/v2\/posts\/164993","targetHints":{"allow":["GET"]}}],"collection":[{"href":"https:\/\/www.caririemacao.com\/1\/wp-json\/wp\/v2\/posts"}],"about":[{"href":"https:\/\/www.caririemacao.com\/1\/wp-json\/wp\/v2\/types\/post"}],"author":[{"embeddable":true,"href":"https:\/\/www.caririemacao.com\/1\/wp-json\/wp\/v2\/users\/1"}],"replies":[{"embeddable":true,"href":"https:\/\/www.caririemacao.com\/1\/wp-json\/wp\/v2\/comments?post=164993"}],"version-history":[{"count":1,"href":"https:\/\/www.caririemacao.com\/1\/wp-json\/wp\/v2\/posts\/164993\/revisions"}],"predecessor-version":[{"id":164995,"href":"https:\/\/www.caririemacao.com\/1\/wp-json\/wp\/v2\/posts\/164993\/revisions\/164995"}],"wp:featuredmedia":[{"embeddable":true,"href":"https:\/\/www.caririemacao.com\/1\/wp-json\/wp\/v2\/media\/164994"}],"wp:attachment":[{"href":"https:\/\/www.caririemacao.com\/1\/wp-json\/wp\/v2\/media?parent=164993"}],"wp:term":[{"taxonomy":"category","embeddable":true,"href":"https:\/\/www.caririemacao.com\/1\/wp-json\/wp\/v2\/categories?post=164993"},{"taxonomy":"post_tag","embeddable":true,"href":"https:\/\/www.caririemacao.com\/1\/wp-json\/wp\/v2\/tags?post=164993"}],"curies":[{"name":"wp","href":"https:\/\/api.w.org\/{rel}","templated":true}]}}