{"id":165008,"date":"2020-04-21T06:13:50","date_gmt":"2020-04-21T09:13:50","guid":{"rendered":"http:\/\/www.caririemacao.com\/1\/?p=165008"},"modified":"2020-04-21T06:13:52","modified_gmt":"2020-04-21T09:13:52","slug":"paraiba-tem-33-mortes-263-casos-confirmados-e-116-recuperados-do-coronavirus","status":"publish","type":"post","link":"https:\/\/www.caririemacao.com\/1\/2020\/04\/21\/paraiba-tem-33-mortes-263-casos-confirmados-e-116-recuperados-do-coronavirus\/","title":{"rendered":"Para\u00edba tem 33 mortes, 263 casos confirmados e 116 recuperados do coronav\u00edrus"},"content":{"rendered":"\n<p>O n\u00famero de casos de coronav\u00edrus na Para\u00edba continuam aumentando. No \u00faltimo Boletim da Secret\u00e1ria de Sa\u00fade divulgado no final da tarde desta segunda-feira (20), dos 263 casos confirmados at\u00e9 este domingo, 19 de abril, 116 j\u00e1 se recuperaram, 39 est\u00e3o hospitalizados, 10 deles em leitos de UTI e 33, infelizmente, faleceram.&nbsp;<\/p>\n\n\n\n<p>Os demais se recuperam em isolamento domiciliar acompanhados pelas secretarias municipais de sa\u00fade.&nbsp;<br><\/p>\n\n\n\n<p>Os casos est\u00e3o distribu\u00eddos em 19 munic\u00edpios: Jo\u00e3o Pessoa (185), Santa Rita (20), Campina Grande (12), Cabedelo (11), Bayeux (9), Patos (8), Junco do Serid\u00f3 (3), Pombal (2), Serra Branca (1), Sap\u00e9 (3),&nbsp; Sousa (1), Igaracy (1), Tapero\u00e1 (1), S\u00e3o Jo\u00e3o do Rio do Peixe (1), Riach\u00e3o do Po\u00e7o (1), S\u00e3o Bento (1), Congo (1), Queimadas (1), Bom Jesus (1).<\/p>\n\n\n\n<p>Leia mais:<\/p>\n\n\n\n<ul class=\"wp-block-list\"><li><a href=\"https:\/\/www.clickpb.com.br\/saude\/sobe-para-26-numero-de-mortes-por-coronavirus-na-paraiba-e-casos-confirmados-chegam-195-282313.html\">Confirmada primeira morte por covid-19 em Campina Grande<\/a><\/li><li><a href=\"https:\/\/www.clickpb.com.br\/paraiba\/psicologos-oferecem-consultas-de-graca-por-telefone-e-videochamada-para-ajudar-pessoas-durante-o-isolamento-do-coronavirus-282389.html\">Psic\u00f3logos de Jo\u00e3o Pessoa oferecem consultas de gra\u00e7a por telefone e v\u00eddeochamada para ajudar pessoas durante o isolamento do coronav\u00edrus<\/a><\/li><li><a href=\"https:\/\/www.clickpb.com.br\/paraiba\/joao-azevedo-autoriza-compra-de-um-milhao-de-mascaras-para-distribuir-com-populacao-paraibana-282384.html\">Jo\u00e3o Azev\u00eado autoriza compra de um milh\u00e3o de m\u00e1scaras para distribuir com a popula\u00e7\u00e3o paraibana<\/a><\/li><\/ul>\n\n\n\n<p>Mais uma idosa faleceu nas \u00faltimas 24 horas: Mulher, 86 anos, residente em Jo\u00e3o Pessoa, portadora de neoplasia Renal, cardiopatia, anemia cr\u00f4nica. Estava internada em hospital p\u00fablico desde 12 de Abril. \u00d3bito ocorrido em 19\/04.<br><\/p>\n\n\n\n<p>No momento, 148 pessoas est\u00e3o internadas com notifica\u00e7\u00e3o de suspeita para Covid-19, sendo 114 em enfermaria (78 p\u00fablico\/ 36 privado) e 34 na UTI (23 p\u00fablico\/ 11 privado). A taxa de ocupa\u00e7\u00e3o dos leitos SUS na UTI para s\u00edndrome respirat\u00f3ria aguda grave \u00e9 de 18,4%.<\/p>\n\n\n\n<ul class=\"wp-block-list\"><li>Casos confirmados: 263<\/li><li>Casos descartados: 1098<\/li><li>\u00d3bitos confirmados: 33&nbsp;&nbsp;<\/li><li>Casos recuperados: 116&nbsp;<\/li><\/ul>\n","protected":false},"excerpt":{"rendered":"<p>O n\u00famero de casos de coronav\u00edrus na Para\u00edba continuam aumentando. No \u00faltimo Boletim da Secret\u00e1ria de Sa\u00fade divulgado no final da tarde desta segunda-feira (20),&hellip; <\/p>\n","protected":false},"author":2,"featured_media":165009,"comment_status":"closed","ping_status":"closed","sticky":false,"template":"","format":"standard","meta":{"sfsi_plus_gutenberg_text_before_share":"","sfsi_plus_gutenberg_show_text_before_share":"","sfsi_plus_gutenberg_icon_type":"","sfsi_plus_gutenberg_icon_alignemt":"","sfsi_plus_gutenburg_max_per_row":"","footnotes":""},"categories":[50,16],"tags":[],"class_list":["post-165008","post","type-post","status-publish","format-standard","has-post-thumbnail","hentry","category-destaque","category-saude"],"_links":{"self":[{"href":"https:\/\/www.caririemacao.com\/1\/wp-json\/wp\/v2\/posts\/165008","targetHints":{"allow":["GET"]}}],"collection":[{"href":"https:\/\/www.caririemacao.com\/1\/wp-json\/wp\/v2\/posts"}],"about":[{"href":"https:\/\/www.caririemacao.com\/1\/wp-json\/wp\/v2\/types\/post"}],"author":[{"embeddable":true,"href":"https:\/\/www.caririemacao.com\/1\/wp-json\/wp\/v2\/users\/2"}],"replies":[{"embeddable":true,"href":"https:\/\/www.caririemacao.com\/1\/wp-json\/wp\/v2\/comments?post=165008"}],"version-history":[{"count":1,"href":"https:\/\/www.caririemacao.com\/1\/wp-json\/wp\/v2\/posts\/165008\/revisions"}],"predecessor-version":[{"id":165010,"href":"https:\/\/www.caririemacao.com\/1\/wp-json\/wp\/v2\/posts\/165008\/revisions\/165010"}],"wp:featuredmedia":[{"embeddable":true,"href":"https:\/\/www.caririemacao.com\/1\/wp-json\/wp\/v2\/media\/165009"}],"wp:attachment":[{"href":"https:\/\/www.caririemacao.com\/1\/wp-json\/wp\/v2\/media?parent=165008"}],"wp:term":[{"taxonomy":"category","embeddable":true,"href":"https:\/\/www.caririemacao.com\/1\/wp-json\/wp\/v2\/categories?post=165008"},{"taxonomy":"post_tag","embeddable":true,"href":"https:\/\/www.caririemacao.com\/1\/wp-json\/wp\/v2\/tags?post=165008"}],"curies":[{"name":"wp","href":"https:\/\/api.w.org\/{rel}","templated":true}]}}