{"id":165011,"date":"2020-04-21T06:15:13","date_gmt":"2020-04-21T09:15:13","guid":{"rendered":"http:\/\/www.caririemacao.com\/1\/?p=165011"},"modified":"2020-04-21T06:15:15","modified_gmt":"2020-04-21T09:15:15","slug":"tjpb-ja-destinou-mais-de-4-milhoes-e-300-mil-em-verbas-no-combate-a-covid-19","status":"publish","type":"post","link":"https:\/\/www.caririemacao.com\/1\/2020\/04\/21\/tjpb-ja-destinou-mais-de-4-milhoes-e-300-mil-em-verbas-no-combate-a-covid-19\/","title":{"rendered":"TJPB j\u00e1 destinou mais de 4 milh\u00f5es e 300 mil em verbas no combate \u00e0 Covid-19"},"content":{"rendered":"\n<p>As verbas que o Tribunal de Justi\u00e7a da Para\u00edba tem destinado ao enfrentamento da Covid-19 j\u00e1 totalizam, at\u00e9 o momento, o montante de R$ 4.328.686,26, segundo dados fornecidos pelo setor de Estat\u00edstica do TJPB. Os recursos, oriundos de penas pecuni\u00e1rias, transa\u00e7\u00f5es penais, e suspens\u00e3o condicional do processo nas a\u00e7\u00f5es criminais, s\u00e3o repassados por meio de decis\u00f5es proferidas por desembargadores e magistrados para a aquisi\u00e7\u00e3o de materiais, equipamentos m\u00e9dicos, servi\u00e7os, trabalho de preven\u00e7\u00e3o e atendimento aos infectados, bem como na manuten\u00e7\u00e3o do pagamento de sal\u00e1rios de servidores de entidades hospitalares.<\/p>\n\n\n\n<p>Os valores t\u00eam beneficiado prefeituras municipais e institui\u00e7\u00f5es p\u00fablicas e privadas de sa\u00fade. Ao adotar medidas preventivas contra o cont\u00e1gio do novo Coronav\u00edrus, desde a divulga\u00e7\u00e3o pelas autoridades do estado de pandemia, e norteado pelas recomenda\u00e7\u00f5es do Conselho Nacional de Justi\u00e7a (CNJ), a atual gest\u00e3o do TJPB incluiu, tamb\u00e9m, a doa\u00e7\u00e3o dos recursos financeiros (Ato Conjunto 05\/2020 do TJPB\/CGJ, publicado no Di\u00e1rio da Justi\u00e7a eletr\u00f4nico do dia 31 de mar\u00e7o de 2020).<\/p>\n\n\n\n<p>O corregedor-geral de Justi\u00e7a, desembargador Romero Marcelo, disse ser louv\u00e1vel a iniciativa dos magistrados do Poder Judici\u00e1rio estadual com a destina\u00e7\u00e3o das verbas pecuni\u00e1rias para o aux\u00edlio as institui\u00e7\u00f5es na luta contra a Covid-19.&nbsp;<\/p>\n\n\n\n<p>\u201cDestaco o fato de o Tribunal de Justi\u00e7a da Para\u00edba ter ficado em primeiro lugar no ranking dos tribunais de pequeno porte, como o que mais doou recursos, destacando-se nacionalmente, segundo dados do CNJ\u201d, afirmou, ressaltando, ainda, o aumento na produtividade. \u201cOs resultados s\u00e3o reflexos do trabalho desempenhado por magistrados e servidores\u201d.<\/p>\n","protected":false},"excerpt":{"rendered":"<p>As verbas que o Tribunal de Justi\u00e7a da Para\u00edba tem destinado ao enfrentamento da Covid-19 j\u00e1 totalizam, at\u00e9 o momento, o montante de R$ 4.328.686,26,&hellip; <\/p>\n","protected":false},"author":2,"featured_media":165012,"comment_status":"closed","ping_status":"closed","sticky":false,"template":"","format":"standard","meta":{"sfsi_plus_gutenberg_text_before_share":"","sfsi_plus_gutenberg_show_text_before_share":"","sfsi_plus_gutenberg_icon_type":"","sfsi_plus_gutenberg_icon_alignemt":"","sfsi_plus_gutenburg_max_per_row":"","footnotes":""},"categories":[2],"tags":[],"class_list":["post-165011","post","type-post","status-publish","format-standard","has-post-thumbnail","hentry","category-geral"],"_links":{"self":[{"href":"https:\/\/www.caririemacao.com\/1\/wp-json\/wp\/v2\/posts\/165011","targetHints":{"allow":["GET"]}}],"collection":[{"href":"https:\/\/www.caririemacao.com\/1\/wp-json\/wp\/v2\/posts"}],"about":[{"href":"https:\/\/www.caririemacao.com\/1\/wp-json\/wp\/v2\/types\/post"}],"author":[{"embeddable":true,"href":"https:\/\/www.caririemacao.com\/1\/wp-json\/wp\/v2\/users\/2"}],"replies":[{"embeddable":true,"href":"https:\/\/www.caririemacao.com\/1\/wp-json\/wp\/v2\/comments?post=165011"}],"version-history":[{"count":1,"href":"https:\/\/www.caririemacao.com\/1\/wp-json\/wp\/v2\/posts\/165011\/revisions"}],"predecessor-version":[{"id":165013,"href":"https:\/\/www.caririemacao.com\/1\/wp-json\/wp\/v2\/posts\/165011\/revisions\/165013"}],"wp:featuredmedia":[{"embeddable":true,"href":"https:\/\/www.caririemacao.com\/1\/wp-json\/wp\/v2\/media\/165012"}],"wp:attachment":[{"href":"https:\/\/www.caririemacao.com\/1\/wp-json\/wp\/v2\/media?parent=165011"}],"wp:term":[{"taxonomy":"category","embeddable":true,"href":"https:\/\/www.caririemacao.com\/1\/wp-json\/wp\/v2\/categories?post=165011"},{"taxonomy":"post_tag","embeddable":true,"href":"https:\/\/www.caririemacao.com\/1\/wp-json\/wp\/v2\/tags?post=165011"}],"curies":[{"name":"wp","href":"https:\/\/api.w.org\/{rel}","templated":true}]}}