{"id":165016,"date":"2020-04-21T06:18:37","date_gmt":"2020-04-21T09:18:37","guid":{"rendered":"http:\/\/www.caririemacao.com\/1\/?p=165016"},"modified":"2020-04-21T06:18:40","modified_gmt":"2020-04-21T09:18:40","slug":"desembargador-nega-pedido-para-suspender-decreto-de-joao-azevedo-estabelecendo-normas-para-o-comercio-durante-quarentena","status":"publish","type":"post","link":"https:\/\/www.caririemacao.com\/1\/2020\/04\/21\/desembargador-nega-pedido-para-suspender-decreto-de-joao-azevedo-estabelecendo-normas-para-o-comercio-durante-quarentena\/","title":{"rendered":"Desembargador nega pedido para suspender decreto de Jo\u00e3o Azev\u00eado estabelecendo normas para o com\u00e9rcio durante quarentena"},"content":{"rendered":"\n<p>O desembargador Jo\u00e3o Benedito da Silva negou o&nbsp;pedido feito pelos Sindicatos de Com\u00e9rcio de Atacado e Varejo da Para\u00edba para suspender o decreto de Jo\u00e3o Azev\u00eado que estabelecia&nbsp;normas para o com\u00e9rcio durante a quarentena.&nbsp;<a href=\"https:\/\/www.clickpb.com.br\/media\/filer_public\/b8\/5f\/b85fe3af-8370-429c-a096-a1bfe105e817\/atacadista_indeferimento_ms.pdf\">Confira a decis\u00e3o na \u00edntegra aqui<\/a>. Entre as normas est\u00e1 a obrigatoriedade no uso de m\u00e1scaras por clientes e funcion\u00e1rios de estabelecimentos comerciais autorizados a abrir a partir desta segunda-feira.&nbsp;<\/p>\n\n\n\n<p>As entidades alegam que n\u00e3o teriam como fornecer tais quantidades, devido a falta dos mesmos no mercado.&nbsp;<br><\/p>\n\n\n\n<p><strong>Saiba mais:&nbsp;<\/strong>&nbsp;&nbsp; &nbsp; &nbsp; &nbsp; &nbsp; &nbsp;&nbsp;<\/p>\n\n\n\n<ul class=\"wp-block-list\"><li><a href=\"https:\/\/www.clickpb.com.br\/paraiba\/estabelecimentos-comerciais-autorizados-funcionar-durante-isolamento-na-paraiba-devem-fornecer-mascaras-para-funcionarios-e-clientes-282428.html\">Estabelecimentos comerciais autorizados a funcionar durante isolamento na Para\u00edba devem fornecer m\u00e1scaras para funcion\u00e1rios e clientes<\/a><\/li><li><a href=\"https:\/\/www.clickpb.com.br\/paraiba\/oticas-comercio-de-produtos-medicos-e-concessionarias-de-carros-na-paraiba-poderao-abrir-partir-de-segunda-feira-282401.html\">\u00d3ticas, com\u00e9rcio de produtos m\u00e9dicos e concession\u00e1rias de carros na Para\u00edba poder\u00e3o abrir a partir de segunda-feira<\/a><\/li><\/ul>\n\n\n\n<p>De acordo com as entidades, o decreto do governador, exigindo ao setor,&nbsp;m\u00e1scaras para todos os seus empregados, prestadores de servi\u00e7o, colaboradores e clientes, colocaria em risco o abastecimento de insumos e produtos para a popula\u00e7\u00e3o.&nbsp;<\/p>\n\n\n\n<p>&#8220;Criando situa\u00e7\u00f5es que podem comprometer o abastecimento alimentar \u00e0 popula\u00e7\u00e3o,&nbsp;dado que \u00e9 imposs\u00edvel adquirir e fornecer m\u00e1scara para todos os frequentadores dos&nbsp;estabelecimentos atingidos pela norma, m\u00e1xime quando tal produto encontra-se escasso no&nbsp;mercado&#8221;, diz o pedido.<br><\/p>\n\n\n\n<p>Na decis\u00e3o do Juiz, ele considera que o pedido em si&nbsp;n\u00e3o tem efeito legal. &#8220;Isso porque ela volta-se contra o sentido e o alcance do pr\u00f3prio ato&nbsp;normativo (decreto estadual) praticado pelo Chefe do Poder Executivo. N\u00e3o vejo, portanto, ataque<br>a qualquer medida concreta imputada ao impetrado, sen\u00e3o \u00e0 medida de cunho normativo &#8211; e, portanto, gen\u00e9rico e abstrato &#8211; lan\u00e7ada pelo governador do Estado da Para\u00edba e sua correta interpreta\u00e7\u00e3o&#8221;, considerou.&nbsp;<br><\/p>\n\n\n\n<figure class=\"wp-block-image\"><img decoding=\"async\" data-src=\"https:\/\/www.clickpb.com.br\/media\/filer_public\/d7\/90\/d790291b-b139-475b-88ec-5fade1fbaaf5\/atacadista_indeferimento_ms-1.jpg\" alt=\"\" src=\"data:image\/svg+xml;base64,PHN2ZyB3aWR0aD0iMSIgaGVpZ2h0PSIxIiB4bWxucz0iaHR0cDovL3d3dy53My5vcmcvMjAwMC9zdmciPjwvc3ZnPg==\" class=\"lazyload\" \/><\/figure>\n\n\n\n<figure class=\"wp-block-image\"><img decoding=\"async\" data-src=\"https:\/\/www.clickpb.com.br\/media\/filer_public\/bf\/0c\/bf0cbb43-4f7f-410c-bbdd-7d6feede2f5c\/atacadista_indeferimento_ms-2.jpg\" alt=\"\" src=\"data:image\/svg+xml;base64,PHN2ZyB3aWR0aD0iMSIgaGVpZ2h0PSIxIiB4bWxucz0iaHR0cDovL3d3dy53My5vcmcvMjAwMC9zdmciPjwvc3ZnPg==\" class=\"lazyload\" \/><\/figure>\n\n\n\n<figure class=\"wp-block-image\"><img decoding=\"async\" data-src=\"https:\/\/www.clickpb.com.br\/media\/filer_public\/ad\/b0\/adb086c0-6897-4a4a-8c28-335f98961769\/atacadista_indeferimento_ms-3.jpg\" alt=\"\" src=\"data:image\/svg+xml;base64,PHN2ZyB3aWR0aD0iMSIgaGVpZ2h0PSIxIiB4bWxucz0iaHR0cDovL3d3dy53My5vcmcvMjAwMC9zdmciPjwvc3ZnPg==\" class=\"lazyload\" \/><\/figure>\n\n\n\n<figure class=\"wp-block-image\"><img decoding=\"async\" data-src=\"https:\/\/www.clickpb.com.br\/media\/filer_public\/a1\/da\/a1da39f8-7341-4a57-8a5b-f7b75563acc1\/atacadista_indeferimento_ms-4.jpg\" alt=\"\" src=\"data:image\/svg+xml;base64,PHN2ZyB3aWR0aD0iMSIgaGVpZ2h0PSIxIiB4bWxucz0iaHR0cDovL3d3dy53My5vcmcvMjAwMC9zdmciPjwvc3ZnPg==\" class=\"lazyload\" \/><\/figure>\n\n\n\n<figure class=\"wp-block-image\"><img decoding=\"async\" data-src=\"https:\/\/www.clickpb.com.br\/media\/filer_public\/30\/09\/30090a1f-806d-48cb-b71c-6571068241bb\/atacadista_indeferimento_ms-5.jpg\" alt=\"\" src=\"data:image\/svg+xml;base64,PHN2ZyB3aWR0aD0iMSIgaGVpZ2h0PSIxIiB4bWxucz0iaHR0cDovL3d3dy53My5vcmcvMjAwMC9zdmciPjwvc3ZnPg==\" class=\"lazyload\" \/><\/figure>\n\n\n\n<figure class=\"wp-block-image\"><img decoding=\"async\" data-src=\"https:\/\/www.clickpb.com.br\/media\/filer_public\/65\/b3\/65b349be-4bee-413c-8310-3c59830684f1\/atacadista_indeferimento_ms-6.jpg\" alt=\"\" src=\"data:image\/svg+xml;base64,PHN2ZyB3aWR0aD0iMSIgaGVpZ2h0PSIxIiB4bWxucz0iaHR0cDovL3d3dy53My5vcmcvMjAwMC9zdmciPjwvc3ZnPg==\" class=\"lazyload\" \/><\/figure>\n","protected":false},"excerpt":{"rendered":"<p>O desembargador Jo\u00e3o Benedito da Silva negou o&nbsp;pedido feito pelos Sindicatos de Com\u00e9rcio de Atacado e Varejo da Para\u00edba para suspender o decreto de Jo\u00e3o&hellip; <\/p>\n","protected":false},"author":2,"featured_media":165017,"comment_status":"closed","ping_status":"closed","sticky":false,"template":"","format":"standard","meta":{"sfsi_plus_gutenberg_text_before_share":"","sfsi_plus_gutenberg_show_text_before_share":"","sfsi_plus_gutenberg_icon_type":"","sfsi_plus_gutenberg_icon_alignemt":"","sfsi_plus_gutenburg_max_per_row":"","footnotes":""},"categories":[2],"tags":[],"class_list":["post-165016","post","type-post","status-publish","format-standard","has-post-thumbnail","hentry","category-geral"],"_links":{"self":[{"href":"https:\/\/www.caririemacao.com\/1\/wp-json\/wp\/v2\/posts\/165016","targetHints":{"allow":["GET"]}}],"collection":[{"href":"https:\/\/www.caririemacao.com\/1\/wp-json\/wp\/v2\/posts"}],"about":[{"href":"https:\/\/www.caririemacao.com\/1\/wp-json\/wp\/v2\/types\/post"}],"author":[{"embeddable":true,"href":"https:\/\/www.caririemacao.com\/1\/wp-json\/wp\/v2\/users\/2"}],"replies":[{"embeddable":true,"href":"https:\/\/www.caririemacao.com\/1\/wp-json\/wp\/v2\/comments?post=165016"}],"version-history":[{"count":1,"href":"https:\/\/www.caririemacao.com\/1\/wp-json\/wp\/v2\/posts\/165016\/revisions"}],"predecessor-version":[{"id":165018,"href":"https:\/\/www.caririemacao.com\/1\/wp-json\/wp\/v2\/posts\/165016\/revisions\/165018"}],"wp:featuredmedia":[{"embeddable":true,"href":"https:\/\/www.caririemacao.com\/1\/wp-json\/wp\/v2\/media\/165017"}],"wp:attachment":[{"href":"https:\/\/www.caririemacao.com\/1\/wp-json\/wp\/v2\/media?parent=165016"}],"wp:term":[{"taxonomy":"category","embeddable":true,"href":"https:\/\/www.caririemacao.com\/1\/wp-json\/wp\/v2\/categories?post=165016"},{"taxonomy":"post_tag","embeddable":true,"href":"https:\/\/www.caririemacao.com\/1\/wp-json\/wp\/v2\/tags?post=165016"}],"curies":[{"name":"wp","href":"https:\/\/api.w.org\/{rel}","templated":true}]}}