{"id":165019,"date":"2020-04-21T06:20:28","date_gmt":"2020-04-21T09:20:28","guid":{"rendered":"http:\/\/www.caririemacao.com\/1\/?p=165019"},"modified":"2020-04-21T06:20:30","modified_gmt":"2020-04-21T09:20:30","slug":"ministro-da-saude-diz-que-relaxamento-de-isolamento-social-ocorrera-de-forma-progressiva-estruturada-e-planejada","status":"publish","type":"post","link":"https:\/\/www.caririemacao.com\/1\/2020\/04\/21\/ministro-da-saude-diz-que-relaxamento-de-isolamento-social-ocorrera-de-forma-progressiva-estruturada-e-planejada\/","title":{"rendered":"Ministro da Sa\u00fade diz que relaxamento de isolamento social ocorrer\u00e1 de forma &#8216;progressiva, estruturada e planejada&#8217;"},"content":{"rendered":"\n<p>O ministro da Sa\u00fade, Nelson Teich, disse nesta segunda-feira que o relaxamento das medidas de distanciamento social adotadas para diminuir o risco de cont\u00e1gio pelo novo coronav\u00edrus dever\u00e1 ocorrer de forma &#8220;progressiva, estruturada e planejada&#8221;.&nbsp;<\/p>\n\n\n\n<p>As regras de isolamento foram um dos motivos de diverg\u00eancia entre Bolsonaro e o ex-ministro da Sa\u00fade Luiz Henrique Mandetta, que deixou o cargo na semana passada ap\u00f3s semanas de desgaste. Segundo o \u00faltimo boletim da pasta, divulgado nesta segunda, 40.581 pessoas no Brasil j\u00e1 pegaram a doen\u00e7a, que matou 2.575.<\/p>\n\n\n\n<p>\u2014 A gente est\u00e1 atuando em tr\u00eas bra\u00e7os que s\u00e3o fundamentais. Um: entender melhor a doen\u00e7a, fazer o diagn\u00f3stico, entender a evolu\u00e7\u00e3o. A segunda coisa: preparar a infraestrutura para o tratamento para que, nesse tempo em que agente est\u00e1 afastado, vai ser usado para melhorar, preparar para o cuidado. E o terceiro: com essa prepara\u00e7\u00e3o, desenhar esse programa de sa\u00edda progressiva, estruturada e planejada do distanciamento social \u2014 disse Teich em v\u00eddeo divulgado pela assessoria de comunica\u00e7\u00e3o da pasta.<\/p>\n\n\n\n<p><strong>LEIA MAIS<\/strong>:&nbsp;<a href=\"https:\/\/www.clickpb.com.br\/brasil\/nao-sou-coveiro-ta-diz-bolsonaro-ao-responder-sobre-mortos-por-coronavirus-282553.html\">&#8216;N\u00e3o sou coveiro, t\u00e1?&#8217;, diz Bolsonaro ao responder sobre mortos por coronav\u00edrus<\/a><br><\/p>\n\n\n\n<p>Bolsonaro vem defendendo um relaxamento das restri\u00e7\u00f5es impostas por governadores e prefeitos. Entre outras coisas, entendia que o isolamento deveria se limitar a pessoas do grupo de risco, como idosos e quem tem outras doen\u00e7as. J\u00e1 Mandetta, embora n\u00e3o endossasse todas as medidas dos gestores locais, era favor\u00e1vel a limita\u00e7\u00f5es maiores do que aquelas defendidas pelo presidente. O ex-ministro tamb\u00e9m dizia que prefeitos e governadores estavam em melhores condi\u00e7\u00f5es do que o Minist\u00e9rio da Sa\u00fade para avaliar o que deveria ser feito em seus munic\u00edpios e estados.<\/p>\n\n\n\n<p>Na quarta-feira da semana passada, por unanimidade, o Supremo Tribunal Federal (STF) declarou que governadores e prefeitos t\u00eam poderes para baixar medidas restritivas no combate ao coronav\u00edrus em seus territ\u00f3rios. Segundo os ministros, o governo federal pode coordenar as diretrizes de isolamento a serem seguidas em todo o pa\u00eds, mas n\u00e3o tem poder para retirar a autonomia dos estados e munic\u00edpios na gest\u00e3o local.<\/p>\n\n\n\n<p>Teich disse que a previs\u00e3o de compra de testes para o novo coronav\u00edrus subiu de 24 milh\u00f5es para 46 milh\u00f5es, mas n\u00e3o deu prazos de entregas. E esclareceu: testar em massa n\u00e3o quer dizer que todos os brasileiros v\u00e3o ser testados.<\/p>\n\n\n\n<p><strong>LEIA MAIS<\/strong>:&nbsp;<a href=\"https:\/\/www.clickpb.com.br\/brasil\/brasil-tem-2575-mortes-e-40581-casos-de-coronavirus-diz-ministerio-282551.html\">Brasil tem 2.575 mortes e 40.581 casos de coronav\u00edrus, diz minist\u00e9rio<\/a><br><\/p>\n\n\n\n<p>\u2014 Teste em massa n\u00e3o significa testar a popula\u00e7\u00e3o toda. A Coreia do Sul, que \u00e9 uma refer\u00eancia em testes, fez 10 mil testes por milh\u00e3o de pessoas. N\u00e3o estamos falando em testar o pa\u00eds inteiro. A gente vai usar o teste de uma forma em que as pessoas testadas v\u00e3o refletir a popula\u00e7\u00e3o brasileira \u2014 disse o ministro.<\/p>\n\n\n\n<p>Teich tamb\u00e9m anunciou a compra de 3,3 mil respiradores, usados no tratamento de pacientes graves, dos quais 1.150 v\u00e3o ser entregues em maio e o restante em at\u00e9 90 dias. Com isso, segundo o Minist\u00e9rio da Sa\u00fade, j\u00e1 foram assinados contratos para a aquisi\u00e7\u00e3o de 14,1 mil aparelhos. Em 8 de abril, o Minist\u00e9rio da Sa\u00fade j\u00e1 havia prometido 14 mil respiradores em 90 dias.<\/p>\n","protected":false},"excerpt":{"rendered":"<p>O ministro da Sa\u00fade, Nelson Teich, disse nesta segunda-feira que o relaxamento das medidas de distanciamento social adotadas para diminuir o risco de cont\u00e1gio pelo&hellip; <\/p>\n","protected":false},"author":2,"featured_media":165020,"comment_status":"closed","ping_status":"closed","sticky":false,"template":"","format":"standard","meta":{"sfsi_plus_gutenberg_text_before_share":"","sfsi_plus_gutenberg_show_text_before_share":"","sfsi_plus_gutenberg_icon_type":"","sfsi_plus_gutenberg_icon_alignemt":"","sfsi_plus_gutenburg_max_per_row":"","footnotes":""},"categories":[50,11],"tags":[],"class_list":["post-165019","post","type-post","status-publish","format-standard","has-post-thumbnail","hentry","category-destaque","category-politica"],"_links":{"self":[{"href":"https:\/\/www.caririemacao.com\/1\/wp-json\/wp\/v2\/posts\/165019","targetHints":{"allow":["GET"]}}],"collection":[{"href":"https:\/\/www.caririemacao.com\/1\/wp-json\/wp\/v2\/posts"}],"about":[{"href":"https:\/\/www.caririemacao.com\/1\/wp-json\/wp\/v2\/types\/post"}],"author":[{"embeddable":true,"href":"https:\/\/www.caririemacao.com\/1\/wp-json\/wp\/v2\/users\/2"}],"replies":[{"embeddable":true,"href":"https:\/\/www.caririemacao.com\/1\/wp-json\/wp\/v2\/comments?post=165019"}],"version-history":[{"count":1,"href":"https:\/\/www.caririemacao.com\/1\/wp-json\/wp\/v2\/posts\/165019\/revisions"}],"predecessor-version":[{"id":165021,"href":"https:\/\/www.caririemacao.com\/1\/wp-json\/wp\/v2\/posts\/165019\/revisions\/165021"}],"wp:featuredmedia":[{"embeddable":true,"href":"https:\/\/www.caririemacao.com\/1\/wp-json\/wp\/v2\/media\/165020"}],"wp:attachment":[{"href":"https:\/\/www.caririemacao.com\/1\/wp-json\/wp\/v2\/media?parent=165019"}],"wp:term":[{"taxonomy":"category","embeddable":true,"href":"https:\/\/www.caririemacao.com\/1\/wp-json\/wp\/v2\/categories?post=165019"},{"taxonomy":"post_tag","embeddable":true,"href":"https:\/\/www.caririemacao.com\/1\/wp-json\/wp\/v2\/tags?post=165019"}],"curies":[{"name":"wp","href":"https:\/\/api.w.org\/{rel}","templated":true}]}}