{"id":165028,"date":"2020-04-21T06:27:32","date_gmt":"2020-04-21T09:27:32","guid":{"rendered":"http:\/\/www.caririemacao.com\/1\/?p=165028"},"modified":"2020-04-21T06:27:34","modified_gmt":"2020-04-21T09:27:34","slug":"nao-sou-coveiro-ta-diz-bolsonaro-ao-responder-sobre-mortos-por-coronavirus","status":"publish","type":"post","link":"https:\/\/www.caririemacao.com\/1\/2020\/04\/21\/nao-sou-coveiro-ta-diz-bolsonaro-ao-responder-sobre-mortos-por-coronavirus\/","title":{"rendered":"&#8216;N\u00e3o sou coveiro, t\u00e1?&#8217;, diz Bolsonaro ao responder sobre mortos por coronav\u00edrus"},"content":{"rendered":"\n<p>Ao responder nesta segunda-feira (20) \u00e0 pergunta de um jornalista sobre o n\u00famero de mortes por coronav\u00edrus no pa\u00eds, o presidente Jair Bolsonaro afirmou que n\u00e3o \u00e9 &#8220;coveiro&#8221;.<\/p>\n\n\n\n<p>Bolsonaro deu a declara\u00e7\u00e3o no final da tarde, na portaria do Pal\u00e1cio da Alvorada, resid\u00eancia oficial da Presid\u00eancia, enquanto conversava com jornalistas e apoiadores.<\/p>\n\n\n\n<p>Segundo o Minist\u00e9rio da Sa\u00fade, at\u00e9 esta segunda-feira, o Brasil registrava 2.575 mortes e 40.581 casos confirmados de pessoas contaminadas pelo coronav\u00edrus.<\/p>\n\n\n\n<p>&#8220;Presidente, hoje tivemos mais de 300 mortes [s\u00e3o 113; depois de divulgar, o Minist\u00e9rio da Sa\u00fade corrigiu]. Quantas mortes o senhor acha que&#8230;&#8221;, perguntava um jornalista quando Bolsonaro o interrompeu.<\/p>\n\n\n\n<p>&#8220;\u00d4, cara, quem fala de&#8230; Eu n\u00e3o sou coveiro, t\u00e1 certo?&#8221;, declarou o presidente.<\/p>\n\n\n\n<p>O rep\u00f3rter, ent\u00e3o, tentou fazer novamente a pergunta.<\/p>\n\n\n\n<p>&#8220;N\u00e3o sou coveiro, t\u00e1?&#8221;, repetiu o presidente da Rep\u00fablica.<\/p>\n\n\n\n<p>Pela manh\u00e3, ao sair do Pal\u00e1cio da Alvorada, ao fazer um coment\u00e1rio sobre a epidemia, Bolsonaro disse que 70% da popula\u00e7\u00e3o ser\u00e1 contaminada e &#8220;n\u00e3o adiante querer correr disso&#8221;.<\/p>\n\n\n\n<p><strong>LEIA MAIS<\/strong>:&nbsp;<a href=\"https:\/\/www.clickpb.com.br\/brasil\/bolsonarista-agride-mulher-com-soco-no-rosto-e-pontapes-durante-manifestacao-no-rio-grande-do-sul-282514.html\">Bolsonarista agride mulher com soco no rosto e pontap\u00e9s durante manifesta\u00e7\u00e3o no Rio Grande do Sul<\/a><br><\/p>\n\n\n\n<p>&#8220;Aproximadamente 70% da popula\u00e7\u00e3o vai ser infectada. N\u00e3o adianta querer correr disso. \u00c9 uma verdade. Est\u00e3o com medo da verdade?&#8221;, afirmou.<\/p>\n\n\n\n<p>Segundo ele, &#8220;houve uma potencializa\u00e7\u00e3o das consequ\u00eancias do v\u00edrus&#8221;.<\/p>\n\n\n\n<p>&#8220;Levaram o pavor para o p\u00fablico, histeria. E n\u00e3o \u00e9 verdade. Estamos vendo que n\u00e3o \u00e9 verdade. Lamentamos as mortes, e \u00e9 a vida. Vai morrer&#8221;, afirmou.<\/p>\n\n\n\n<p><strong>LEIA MAIS<\/strong>:&nbsp;<a href=\"https:\/\/www.clickpb.com.br\/brasil\/ministro-da-saude-diz-que-relaxamento-de-isolamento-social-ocorrera-de-forma-progressiva-estruturada-e-planejada-282558.html\">Ministro da Sa\u00fade diz que relaxamento de isolamento social ocorrer\u00e1 de forma &#8216;progressiva, estruturada e planejada&#8217;<\/a><br><\/p>\n\n\n\n<p>No \u00faltimo dia 29, ap\u00f3s voltar de um passeio por Bras\u00edlia, Bolsonaro repetiu o argumento de que todos v\u00e3o &#8220;morrer um dia&#8221; e disse que para se enfrentar o v\u00edrus \u00e9 necess\u00e1rio agir &#8220;como homem&#8221;.<\/p>\n\n\n\n<p>&#8220;Essa \u00e9 uma realidade, o v\u00edrus t\u00e1 a\u00ed. Vamos ter que enfrent\u00e1-lo, mas enfrentar como homem, porra. N\u00e3o como um moleque. Vamos enfrentar o v\u00edrus com a realidade. \u00c9 a vida. Todos n\u00f3s iremos morrer um dia.&#8221;<\/p>\n","protected":false},"excerpt":{"rendered":"<p>Ao responder nesta segunda-feira (20) \u00e0 pergunta de um jornalista sobre o n\u00famero de mortes por coronav\u00edrus no pa\u00eds, o presidente Jair Bolsonaro afirmou que&hellip; <\/p>\n","protected":false},"author":2,"featured_media":165029,"comment_status":"closed","ping_status":"closed","sticky":false,"template":"","format":"standard","meta":{"sfsi_plus_gutenberg_text_before_share":"","sfsi_plus_gutenberg_show_text_before_share":"","sfsi_plus_gutenberg_icon_type":"","sfsi_plus_gutenberg_icon_alignemt":"","sfsi_plus_gutenburg_max_per_row":"","footnotes":""},"categories":[11],"tags":[],"class_list":["post-165028","post","type-post","status-publish","format-standard","has-post-thumbnail","hentry","category-politica"],"_links":{"self":[{"href":"https:\/\/www.caririemacao.com\/1\/wp-json\/wp\/v2\/posts\/165028","targetHints":{"allow":["GET"]}}],"collection":[{"href":"https:\/\/www.caririemacao.com\/1\/wp-json\/wp\/v2\/posts"}],"about":[{"href":"https:\/\/www.caririemacao.com\/1\/wp-json\/wp\/v2\/types\/post"}],"author":[{"embeddable":true,"href":"https:\/\/www.caririemacao.com\/1\/wp-json\/wp\/v2\/users\/2"}],"replies":[{"embeddable":true,"href":"https:\/\/www.caririemacao.com\/1\/wp-json\/wp\/v2\/comments?post=165028"}],"version-history":[{"count":1,"href":"https:\/\/www.caririemacao.com\/1\/wp-json\/wp\/v2\/posts\/165028\/revisions"}],"predecessor-version":[{"id":165030,"href":"https:\/\/www.caririemacao.com\/1\/wp-json\/wp\/v2\/posts\/165028\/revisions\/165030"}],"wp:featuredmedia":[{"embeddable":true,"href":"https:\/\/www.caririemacao.com\/1\/wp-json\/wp\/v2\/media\/165029"}],"wp:attachment":[{"href":"https:\/\/www.caririemacao.com\/1\/wp-json\/wp\/v2\/media?parent=165028"}],"wp:term":[{"taxonomy":"category","embeddable":true,"href":"https:\/\/www.caririemacao.com\/1\/wp-json\/wp\/v2\/categories?post=165028"},{"taxonomy":"post_tag","embeddable":true,"href":"https:\/\/www.caririemacao.com\/1\/wp-json\/wp\/v2\/tags?post=165028"}],"curies":[{"name":"wp","href":"https:\/\/api.w.org\/{rel}","templated":true}]}}