{"id":165034,"date":"2020-04-21T06:31:23","date_gmt":"2020-04-21T09:31:23","guid":{"rendered":"http:\/\/www.caririemacao.com\/1\/?p=165034"},"modified":"2020-04-21T06:31:25","modified_gmt":"2020-04-21T09:31:25","slug":"brasil-tem-2-575-mortes-e-40-581-casos-de-coronavirus-diz-ministerio","status":"publish","type":"post","link":"https:\/\/www.caririemacao.com\/1\/2020\/04\/21\/brasil-tem-2-575-mortes-e-40-581-casos-de-coronavirus-diz-ministerio\/","title":{"rendered":"Brasil tem 2.575 mortes e 40.581 casos de coronav\u00edrus, diz minist\u00e9rio"},"content":{"rendered":"\n<p>O Minist\u00e9rio da Sa\u00fade divulgou nesta segunda (20) o mais recente balan\u00e7o dos casos de coronav\u00edrus no Brasil. Os principais dados s\u00e3o:<\/p>\n\n\n\n<ul class=\"wp-block-list\"><li>2.575 mortes \u2013 no domingo, eram 2.462, aumento de 5,6% e 113 \u00f3bitos a mais<\/li><li>40.581 confirmados \u2013 no domingo, eram 38.654, aumento de 5%<\/li><li>6,3% \u00e9 a taxa de letalidade<\/li><li>em 7 dias foram 1.043 mortes a mais (aumento de 68%)<\/li><li>S\u00e3o Paulo tem 1.037 mortes e 14.580 casos confirmados.<\/li><\/ul>\n\n\n\n<p>Na Para\u00edba,&nbsp;<a href=\"https:\/\/www.clickpb.com.br\/paraiba\/paraiba-tem-33-mortes-263-casos-confirmados-e116-recuperados-do-coronavirus-282542.html\">foram confirmados 33 mortes, 263 casos confirmados e 116 recuperados<\/a>.<\/p>\n\n\n\n<p>Estados com mais mortes confirmadas s\u00e3o: S\u00e3o Paulo (1.037), Rio de Janeiro (422), Pernambuco (234), Cear\u00e1 (198) e Amazonas (185).<\/p>\n\n\n\n<p>Mais cedo, o Minist\u00e9rio da Sa\u00fade havia informado que S\u00e3o Paulo tinha 1.307 mortes pela Covid-19.&nbsp;<\/p>\n\n\n\n<ul class=\"wp-block-list\"><li><strong>LEIA MAIS<\/strong>:&nbsp;<a href=\"https:\/\/www.clickpb.com.br\/brasil\/mortes-por-coronavirus-aumentam-seis-vezes-em-20-dias-no-estado-de-sp-282540.html\">Mortes por coronav\u00edrus aumentam seis vezes em 20 dias no estado de SP<\/a><\/li><\/ul>\n\n\n\n<p>Em nota, a pasta fez uma corre\u00e7\u00e3o para 1.037 e, por isso, tamb\u00e9m corrigiu o n\u00famero total de \u00f3bitos do pa\u00eds de 2.845 para 2.545.<\/p>\n","protected":false},"excerpt":{"rendered":"<p>O Minist\u00e9rio da Sa\u00fade divulgou nesta segunda (20) o mais recente balan\u00e7o dos casos de coronav\u00edrus no Brasil. Os principais dados s\u00e3o: 2.575 mortes \u2013&hellip; <\/p>\n","protected":false},"author":2,"featured_media":165035,"comment_status":"closed","ping_status":"closed","sticky":false,"template":"","format":"standard","meta":{"sfsi_plus_gutenberg_text_before_share":"","sfsi_plus_gutenberg_show_text_before_share":"","sfsi_plus_gutenberg_icon_type":"","sfsi_plus_gutenberg_icon_alignemt":"","sfsi_plus_gutenburg_max_per_row":"","footnotes":""},"categories":[2],"tags":[],"class_list":["post-165034","post","type-post","status-publish","format-standard","has-post-thumbnail","hentry","category-geral"],"_links":{"self":[{"href":"https:\/\/www.caririemacao.com\/1\/wp-json\/wp\/v2\/posts\/165034","targetHints":{"allow":["GET"]}}],"collection":[{"href":"https:\/\/www.caririemacao.com\/1\/wp-json\/wp\/v2\/posts"}],"about":[{"href":"https:\/\/www.caririemacao.com\/1\/wp-json\/wp\/v2\/types\/post"}],"author":[{"embeddable":true,"href":"https:\/\/www.caririemacao.com\/1\/wp-json\/wp\/v2\/users\/2"}],"replies":[{"embeddable":true,"href":"https:\/\/www.caririemacao.com\/1\/wp-json\/wp\/v2\/comments?post=165034"}],"version-history":[{"count":1,"href":"https:\/\/www.caririemacao.com\/1\/wp-json\/wp\/v2\/posts\/165034\/revisions"}],"predecessor-version":[{"id":165036,"href":"https:\/\/www.caririemacao.com\/1\/wp-json\/wp\/v2\/posts\/165034\/revisions\/165036"}],"wp:featuredmedia":[{"embeddable":true,"href":"https:\/\/www.caririemacao.com\/1\/wp-json\/wp\/v2\/media\/165035"}],"wp:attachment":[{"href":"https:\/\/www.caririemacao.com\/1\/wp-json\/wp\/v2\/media?parent=165034"}],"wp:term":[{"taxonomy":"category","embeddable":true,"href":"https:\/\/www.caririemacao.com\/1\/wp-json\/wp\/v2\/categories?post=165034"},{"taxonomy":"post_tag","embeddable":true,"href":"https:\/\/www.caririemacao.com\/1\/wp-json\/wp\/v2\/tags?post=165034"}],"curies":[{"name":"wp","href":"https:\/\/api.w.org\/{rel}","templated":true}]}}