{"id":165038,"date":"2020-04-21T06:32:49","date_gmt":"2020-04-21T09:32:49","guid":{"rendered":"http:\/\/www.caririemacao.com\/1\/?p=165038"},"modified":"2020-04-21T06:32:52","modified_gmt":"2020-04-21T09:32:52","slug":"caixa-antecipa-pagamento-da-segunda-parcela-de-auxilio-emergencial","status":"publish","type":"post","link":"https:\/\/www.caririemacao.com\/1\/2020\/04\/21\/caixa-antecipa-pagamento-da-segunda-parcela-de-auxilio-emergencial\/","title":{"rendered":"Caixa antecipa pagamento da segunda parcela de aux\u00edlio emergencial"},"content":{"rendered":"\n<p>Na quinta-feira (23), trabalhadores informais e pessoas inscritas no Cadastro \u00danico de Programas Sociais do governo federal (Cad\u00danico) nascidas em janeiro e fevereiro receber\u00e3o a segunda parcela do aux\u00edlio emergencial de R$ 600 (R$ 1,2 mil para m\u00e3es solteiras). A antecipa\u00e7\u00e3o foi anunciada h\u00e1 pouco pelo presidente da Caixa Econ\u00f4mica Federal, Pedro Guimar\u00e3es.<\/p>\n\n\n\n<p>Na sexta-feira (24), ser\u00e1 a vez de os benefici\u00e1rios nascidos em mar\u00e7o e abril receberem a segunda parcela. No s\u00e1bado (25), o pagamento ser\u00e1 feito aos benefici\u00e1rios nascidos em maio e junho. Na segunda (27), receber\u00e3o os nascidos em julho e agosto. Na ter\u00e7a (28), os nascidos em setembro e outubro, e na quarta-feira (29) os nascidos em novembro e dezembro.<\/p>\n\n\n\n<p>Originalmente, o pagamento come\u00e7aria na pr\u00f3xima segunda-feira (27) para nascidos de janeiro a mar\u00e7o. A antecipa\u00e7\u00e3o n\u00e3o afeta as pessoas inscritas no Bolsa Fam\u00edlia, que continuar\u00e3o a receber no calend\u00e1rio tradicional de pagamento do programa, nos \u00faltimos dez dias \u00fateis de abril, de maio e de junho.<\/p>\n\n\n\n<p><strong>LEIA MAIS<\/strong>:&nbsp;<a href=\"https:\/\/www.clickpb.com.br\/economia\/presidente-do-stj-susta-liminar-e-mantem-exigencia-do-cpf-para-obter-auxilio-emergencial-282541.html\">Presidente do STJ susta liminar e mant\u00e9m exig\u00eancia do CPF para obter aux\u00edlio emergencial<\/a><br><\/p>\n\n\n\n<p>Segundo Guimar\u00e3es, cerca de 5 milh\u00f5es de brasileiros que ainda n\u00e3o tiveram a primeira parcela liberada receber\u00e3o o pagamento inicial na quarta-feira (22) e a segunda parcela no dia seguinte.<\/p>\n\n\n\n<p><strong>Aplicativo<\/strong><br><\/p>\n\n\n\n<p>O presidente da Caixa anunciou que uma nova atualiza\u00e7\u00e3o do aplicativo Caixa Aux\u00edlio Emergencial, liberada hoje (20) para dispositivos m\u00f3veis do sistema Android e amanh\u00e3 (21) para o sistema iOS, permitir\u00e1 que o usu\u00e1rio conteste benef\u00edcios negados e refa\u00e7a o cadastro no aplicativo, com a corre\u00e7\u00e3o de dados. A atualiza\u00e7\u00e3o do cadastro j\u00e1 est\u00e1 dispon\u00edvel para o aplicativo e o site auxilio.caixa.gov.br, n\u00e3o nas ag\u00eancias banc\u00e1rias.<\/p>\n\n\n\n<p>Os novos dados ser\u00e3o analisados pela Dataprev, estatal federal de tecnologia, e pelo Minist\u00e9rio da Cidadania, que definir\u00e3o se o benef\u00edcio ser\u00e1 liberado. A atualiza\u00e7\u00e3o do cadastro, no entanto, n\u00e3o estar\u00e1 liberada quando duas pessoas da mesma fam\u00edlia estiverem recebendo o aux\u00edlio.<\/p>\n\n\n\n<p><strong>Balan\u00e7o<\/strong><br><\/p>\n\n\n\n<p>Segundo Guimar\u00e3es, a Caixa j\u00e1 pagou o aux\u00edlio emergencial a mais de 24,2 milh\u00f5es de brasileiros, num total de R$ 16 bilh\u00f5es. Mais de 10 milh\u00f5es de contas poupan\u00e7a digitais foram abertas sem custo. \u201cNesta semana, vamos pagar a 26,3 milh\u00f5es de brasileiros. Isso \u00e9 mais que a popula\u00e7\u00e3o da Austr\u00e1lia, que tem 25 milh\u00f5es de habitantes\u201d, disse.<\/p>\n\n\n\n<p>O ministro da Cidadania, Onyx Lorenzoni, disse que, at\u00e9 o fim da semana, 42 milh\u00f5es de pessoas dever\u00e3o estar recebendo o aux\u00edlio emergencial. \u201cEstaremos bancarizando mais de 20 milh\u00f5es de brasileiros que nunca tiveram conta banc\u00e1ria e dando condi\u00e7\u00f5es para que o estado brasileiro enxergue aqueles que eram invis\u00edveis e agora s\u00e3o vis\u00edveis\u201d, disse. \u201cNenhum pa\u00eds fez um movimento deste tamanho com tanta seguran\u00e7a, tanta rapidez e atingindo aqueles que verdadeiramente mais precisam.\u201d<\/p>\n\n\n\n<p>O ministro comentou a suspens\u00e3o, pelo Superior Tribunal de Justi\u00e7a (STJ), da liminar que permitia a concess\u00e3o do benef\u00edcio a pessoas sem Cadastro de Pessoas F\u00edsicas (CPF) ou com o CPF em situa\u00e7\u00e3o irregular. Segundo Lorenzoni, o CPF \u00e9 essencial para evitar fraudes no pagamento do aux\u00edlio emergencial.<\/p>\n\n\n\n<p>\u201c\u00c9 importante lembrar que todo o sistema financeiro brasileiro \u00e9 estruturado em cima dessa informa\u00e7\u00e3o [o CPF], e \u00e9 muito importante que pud\u00e9ssemos manter a exig\u00eancia. S\u00f3 com o CPF, evitamos que mais de 70 mil prisioneiros recebessem o recurso que era direcionado para quem n\u00e3o precisa\u201d, disse Lorenzoni.<\/p>\n","protected":false},"excerpt":{"rendered":"<p>Na quinta-feira (23), trabalhadores informais e pessoas inscritas no Cadastro \u00danico de Programas Sociais do governo federal (Cad\u00danico) nascidas em janeiro e fevereiro receber\u00e3o a&hellip; <\/p>\n","protected":false},"author":2,"featured_media":165039,"comment_status":"closed","ping_status":"closed","sticky":false,"template":"","format":"standard","meta":{"sfsi_plus_gutenberg_text_before_share":"","sfsi_plus_gutenberg_show_text_before_share":"","sfsi_plus_gutenberg_icon_type":"","sfsi_plus_gutenberg_icon_alignemt":"","sfsi_plus_gutenburg_max_per_row":"","footnotes":""},"categories":[2],"tags":[],"class_list":["post-165038","post","type-post","status-publish","format-standard","has-post-thumbnail","hentry","category-geral"],"_links":{"self":[{"href":"https:\/\/www.caririemacao.com\/1\/wp-json\/wp\/v2\/posts\/165038","targetHints":{"allow":["GET"]}}],"collection":[{"href":"https:\/\/www.caririemacao.com\/1\/wp-json\/wp\/v2\/posts"}],"about":[{"href":"https:\/\/www.caririemacao.com\/1\/wp-json\/wp\/v2\/types\/post"}],"author":[{"embeddable":true,"href":"https:\/\/www.caririemacao.com\/1\/wp-json\/wp\/v2\/users\/2"}],"replies":[{"embeddable":true,"href":"https:\/\/www.caririemacao.com\/1\/wp-json\/wp\/v2\/comments?post=165038"}],"version-history":[{"count":1,"href":"https:\/\/www.caririemacao.com\/1\/wp-json\/wp\/v2\/posts\/165038\/revisions"}],"predecessor-version":[{"id":165040,"href":"https:\/\/www.caririemacao.com\/1\/wp-json\/wp\/v2\/posts\/165038\/revisions\/165040"}],"wp:featuredmedia":[{"embeddable":true,"href":"https:\/\/www.caririemacao.com\/1\/wp-json\/wp\/v2\/media\/165039"}],"wp:attachment":[{"href":"https:\/\/www.caririemacao.com\/1\/wp-json\/wp\/v2\/media?parent=165038"}],"wp:term":[{"taxonomy":"category","embeddable":true,"href":"https:\/\/www.caririemacao.com\/1\/wp-json\/wp\/v2\/categories?post=165038"},{"taxonomy":"post_tag","embeddable":true,"href":"https:\/\/www.caririemacao.com\/1\/wp-json\/wp\/v2\/tags?post=165038"}],"curies":[{"name":"wp","href":"https:\/\/api.w.org\/{rel}","templated":true}]}}