{"id":165041,"date":"2020-04-21T06:43:37","date_gmt":"2020-04-21T09:43:37","guid":{"rendered":"http:\/\/www.caririemacao.com\/1\/?p=165041"},"modified":"2020-04-21T06:43:39","modified_gmt":"2020-04-21T09:43:39","slug":"vamos-surpreender-o-mundo-diz-guedes-sobre-retomada-economica","status":"publish","type":"post","link":"https:\/\/www.caririemacao.com\/1\/2020\/04\/21\/vamos-surpreender-o-mundo-diz-guedes-sobre-retomada-economica\/","title":{"rendered":"Vamos surpreender o mundo&#8217;, diz Guedes sobre retomada econ\u00f4mica"},"content":{"rendered":"\n<p>O ministro da Economia, Paulo Guedes, afirmou nesta segunda-feira (20) que a recupera\u00e7\u00e3o econ\u00f4mica, ap\u00f3s a crise do novo coronav\u00edrus, ser\u00e1 em &#8220;V&#8221;, com retomada t\u00e3o r\u00e1pida quanto a queda. &#8220;Vamos surpreender o mundo&#8221;, garantiu o ministro.<\/p>\n\n\n\n<p>Para Guedes, n\u00e3o se pode deixar que a economia entre em uma grande depress\u00e3o. Na avalia\u00e7\u00e3o dele, o Brasil tem tomado medidas melhores ou iguais que a de outros pa\u00edses, inclusive pa\u00edses avan\u00e7ados. &#8220;Todo dia tem barulho, mas Brasil est\u00e1 avan\u00e7ando e progredindo&#8221;, disse ele em entrevista para o banco BTG Pactual.<\/p>\n\n\n\n<p>Na vis\u00e3o do ministro, as hip\u00f3teses do governo para os efeitos econ\u00f4micos do novo coronav\u00edrus, quando ainda se pensava que o choque seria apenas no com\u00e9rcio exterior, se revelaram razo\u00e1veis ap\u00f3s os primeiros dados da balan\u00e7a comercial.<\/p>\n\n\n\n<p>&#8220;As exporta\u00e7\u00f5es brasileiras n\u00e3o ca\u00edram ainda, est\u00e3o subindo. A queda das exporta\u00e7\u00f5es para Europa, de 1%, para EUA, de 30%, e para Argentina, de 30%, foi compensada pelo aumento acelerado das exporta\u00e7\u00f5es para China&#8221;, disse o ministro, em entrevista ao vivo no canal do BTG Pactual no Youtube.<\/p>\n\n\n\n<p><strong>LEIA MAIS<\/strong>:&nbsp;<a href=\"https:\/\/www.clickpb.com.br\/economia\/dolar-ultrapassa-r-530-com-instabilidade-no-mercado-de-petroleo-282554.html\">D\u00f3lar ultrapassa R$ 5,30 com instabilidade no mercado de petr\u00f3leo<\/a><br><\/p>\n\n\n\n<p>Segundo Guedes, a ficha caiu entre fim de fevereiro e in\u00edcio de mar\u00e7o, de que o coronav\u00edrus seria uma pandemia que afetaria tamb\u00e9m o Brasil. &#8220;Disparamos medidas imediatamente&#8221;, disse o ministro, que afirmou que aumentou o n\u00famero de benefici\u00e1rios do Bolsa Fam\u00edlia. &#8220;Havia fila no Bolsa Fam\u00edlia, porque sempre h\u00e1 fraude, mas mandamos incluir todos imediatamente&#8221;, afirmou.<\/p>\n\n\n\n<p><strong>Troca de ministros<\/strong><br><\/p>\n\n\n\n<p>Guedes afirmou ainda que o presidente Jair Bolsonaro pode fazer trocas no comando dos minist\u00e9rios se houver uma &#8220;grande diverg\u00eancia&#8221; em rela\u00e7\u00e3o ao que fazer durante o combate \u00e0 pandemia do novo coronav\u00edrus. Segundo ele, \u00e9 importante considerar os aspectos da sa\u00fade, mas tamb\u00e9m o lado econ\u00f4mico.<\/p>\n\n\n\n<p>&#8220;Se houver diverg\u00eancia de opini\u00e3o exacerbada, n\u00e3o \u00e9 o ministro que escolhe o presidente, \u00e9 o presidente que escolhe o ministro, e n\u00e3o significa nenhum desapre\u00e7o ao aspecto de preservar vidas&#8221;, disse o ministro.<\/p>\n\n\n\n<p><strong>LEIA MAIS<\/strong>:&nbsp;<a href=\"https:\/\/www.clickpb.com.br\/economia\/presidente-do-stj-susta-liminar-e-mantem-exigencia-do-cpf-para-obter-auxilio-emergencial-282541.html\">Presidente do STJ susta liminar e mant\u00e9m exig\u00eancia do CPF para obter aux\u00edlio emergencial<\/a><br><\/p>\n\n\n\n<p>Guedes disse que alguns setores da economia podem manter um certo distanciamento social, com prote\u00e7\u00e3o adequada aos trabalhadores, mas sem propriamente adotar o isolamento social, para que o sistema econ\u00f4mico possa continuar funcionando, com abastecimento de comida e outros servi\u00e7os essenciais.<\/p>\n\n\n\n<p>Segundo o ministro, a ajuda do governo aos informais deve chegar a R$ 110 bilh\u00f5es ou R$ 114 bilh\u00f5es, segundo as \u00faltimas contas da equipe econ\u00f4mica. Ele disse que a categoria dos taxistas tem sido inclu\u00edda no grupo de profissionais que receber\u00e1 o aux\u00edlio. Guedes lembra ainda que foi o pr\u00f3prio presidente Bolsonaro que pediu o aumento do aux\u00edlio de R$ 500 para R$ 600 mensais, para mostrar uma preocupa\u00e7\u00e3o com a prote\u00e7\u00e3o dos mais vulner\u00e1veis.<\/p>\n\n\n\n<p>Guedes ressaltou que h\u00e1 pessoas que sugerem que o recolhimento de impostos seja suspenso por um certo per\u00edodo, para que se d\u00ea um al\u00edvio \u00e0s empresas.&nbsp;<\/p>\n\n\n\n<p>O ministro, contudo, disse que isso n\u00e3o pode ser feito, porque desorganizaria o sistema econ\u00f4mico. Para ele, a depender de como o Pa\u00eds reagir \u00e0 primeira onda da pandemia, o governo poderia aprofundar ou n\u00e3o o combate \u00e0 segunda onda, de natureza mais econ\u00f4mica.<\/p>\n","protected":false},"excerpt":{"rendered":"<p>O ministro da Economia, Paulo Guedes, afirmou nesta segunda-feira (20) que a recupera\u00e7\u00e3o econ\u00f4mica, ap\u00f3s a crise do novo coronav\u00edrus, ser\u00e1 em &#8220;V&#8221;, com retomada&hellip; <\/p>\n","protected":false},"author":2,"featured_media":165042,"comment_status":"closed","ping_status":"closed","sticky":false,"template":"","format":"standard","meta":{"sfsi_plus_gutenberg_text_before_share":"","sfsi_plus_gutenberg_show_text_before_share":"","sfsi_plus_gutenberg_icon_type":"","sfsi_plus_gutenberg_icon_alignemt":"","sfsi_plus_gutenburg_max_per_row":"","footnotes":""},"categories":[2],"tags":[],"class_list":["post-165041","post","type-post","status-publish","format-standard","has-post-thumbnail","hentry","category-geral"],"_links":{"self":[{"href":"https:\/\/www.caririemacao.com\/1\/wp-json\/wp\/v2\/posts\/165041","targetHints":{"allow":["GET"]}}],"collection":[{"href":"https:\/\/www.caririemacao.com\/1\/wp-json\/wp\/v2\/posts"}],"about":[{"href":"https:\/\/www.caririemacao.com\/1\/wp-json\/wp\/v2\/types\/post"}],"author":[{"embeddable":true,"href":"https:\/\/www.caririemacao.com\/1\/wp-json\/wp\/v2\/users\/2"}],"replies":[{"embeddable":true,"href":"https:\/\/www.caririemacao.com\/1\/wp-json\/wp\/v2\/comments?post=165041"}],"version-history":[{"count":1,"href":"https:\/\/www.caririemacao.com\/1\/wp-json\/wp\/v2\/posts\/165041\/revisions"}],"predecessor-version":[{"id":165043,"href":"https:\/\/www.caririemacao.com\/1\/wp-json\/wp\/v2\/posts\/165041\/revisions\/165043"}],"wp:featuredmedia":[{"embeddable":true,"href":"https:\/\/www.caririemacao.com\/1\/wp-json\/wp\/v2\/media\/165042"}],"wp:attachment":[{"href":"https:\/\/www.caririemacao.com\/1\/wp-json\/wp\/v2\/media?parent=165041"}],"wp:term":[{"taxonomy":"category","embeddable":true,"href":"https:\/\/www.caririemacao.com\/1\/wp-json\/wp\/v2\/categories?post=165041"},{"taxonomy":"post_tag","embeddable":true,"href":"https:\/\/www.caririemacao.com\/1\/wp-json\/wp\/v2\/tags?post=165041"}],"curies":[{"name":"wp","href":"https:\/\/api.w.org\/{rel}","templated":true}]}}