{"id":165044,"date":"2020-04-21T06:45:20","date_gmt":"2020-04-21T09:45:20","guid":{"rendered":"http:\/\/www.caririemacao.com\/1\/?p=165044"},"modified":"2020-04-21T06:45:22","modified_gmt":"2020-04-21T09:45:22","slug":"tse-diz-que-tem-condicoes-de-manter-eleicoes-de-outubro","status":"publish","type":"post","link":"https:\/\/www.caririemacao.com\/1\/2020\/04\/21\/tse-diz-que-tem-condicoes-de-manter-eleicoes-de-outubro\/","title":{"rendered":"TSE diz que tem condi\u00e7\u00f5es de manter elei\u00e7\u00f5es de outubro"},"content":{"rendered":"\n<p>O grupo de trabalho criado pelo Tribunal Superior Eleitoral (TSE) para avaliar o impacto da pandemia do novo coronav\u00edrus concluiu hoje (20) que as elei\u00e7\u00f5es de outubro devem ser mantidas. O grupo foi criado para responder aos questionamentos sobre a capacidade da Justi\u00e7a Eleitoral de manter o calend\u00e1rio eleitoral e os procedimentos preparat\u00f3rios diante das medidas de isolamento.&nbsp;<\/p>\n\n\n\n<p>Pela conclus\u00e3o do grupo, \u201ca Justi\u00e7a Eleitoral, at\u00e9 o momento, tem condi\u00e7\u00f5es materiais para a implementa\u00e7\u00e3o das elei\u00e7\u00f5es no corrente ano\u201d. A conclus\u00e3o foi tomada com base em informa\u00e7\u00f5es enviadas pelos tribunais regionais eleitorais e setores internos do TSE. Outros encontros semanais ser\u00e3o realizados para reavalia\u00e7\u00e3o da situa\u00e7\u00e3o.&nbsp;<\/p>\n\n\n\n<ul class=\"wp-block-list\"><li><strong>LEIA MAIS<\/strong>:&nbsp;<a href=\"https:\/\/www.clickpb.com.br\/politica\/tre-pb-cassa-mandato-do-prefeito-de-dona-ines-joao-idalino-282543.html\">TRE-PB cassa mandatos do prefeito e vice-prefeito de Dona In\u00eas e determina novas elei\u00e7\u00f5es<\/a><\/li><\/ul>\n\n\n\n<p>O primeiro turno ser\u00e1 realizado no dia 4 de outubro. Se necess\u00e1rio, o segundo turno ser\u00e1 no dia 25 do mesmo m\u00eas. Cerca de 146 milh\u00f5es de eleitores estar\u00e3o aptos a votar para eleger prefeitos, vice-prefeitos e vereadores nos 5.568 munic\u00edpios do pa\u00eds.&nbsp;<\/p>\n","protected":false},"excerpt":{"rendered":"<p>O grupo de trabalho criado pelo Tribunal Superior Eleitoral (TSE) para avaliar o impacto da pandemia do novo coronav\u00edrus concluiu hoje (20) que as elei\u00e7\u00f5es&hellip; <\/p>\n","protected":false},"author":2,"featured_media":165045,"comment_status":"closed","ping_status":"closed","sticky":false,"template":"","format":"standard","meta":{"sfsi_plus_gutenberg_text_before_share":"","sfsi_plus_gutenberg_show_text_before_share":"","sfsi_plus_gutenberg_icon_type":"","sfsi_plus_gutenberg_icon_alignemt":"","sfsi_plus_gutenburg_max_per_row":"","footnotes":""},"categories":[2],"tags":[],"class_list":["post-165044","post","type-post","status-publish","format-standard","has-post-thumbnail","hentry","category-geral"],"_links":{"self":[{"href":"https:\/\/www.caririemacao.com\/1\/wp-json\/wp\/v2\/posts\/165044","targetHints":{"allow":["GET"]}}],"collection":[{"href":"https:\/\/www.caririemacao.com\/1\/wp-json\/wp\/v2\/posts"}],"about":[{"href":"https:\/\/www.caririemacao.com\/1\/wp-json\/wp\/v2\/types\/post"}],"author":[{"embeddable":true,"href":"https:\/\/www.caririemacao.com\/1\/wp-json\/wp\/v2\/users\/2"}],"replies":[{"embeddable":true,"href":"https:\/\/www.caririemacao.com\/1\/wp-json\/wp\/v2\/comments?post=165044"}],"version-history":[{"count":1,"href":"https:\/\/www.caririemacao.com\/1\/wp-json\/wp\/v2\/posts\/165044\/revisions"}],"predecessor-version":[{"id":165046,"href":"https:\/\/www.caririemacao.com\/1\/wp-json\/wp\/v2\/posts\/165044\/revisions\/165046"}],"wp:featuredmedia":[{"embeddable":true,"href":"https:\/\/www.caririemacao.com\/1\/wp-json\/wp\/v2\/media\/165045"}],"wp:attachment":[{"href":"https:\/\/www.caririemacao.com\/1\/wp-json\/wp\/v2\/media?parent=165044"}],"wp:term":[{"taxonomy":"category","embeddable":true,"href":"https:\/\/www.caririemacao.com\/1\/wp-json\/wp\/v2\/categories?post=165044"},{"taxonomy":"post_tag","embeddable":true,"href":"https:\/\/www.caririemacao.com\/1\/wp-json\/wp\/v2\/tags?post=165044"}],"curies":[{"name":"wp","href":"https:\/\/api.w.org\/{rel}","templated":true}]}}