{"id":165047,"date":"2020-04-21T06:47:02","date_gmt":"2020-04-21T09:47:02","guid":{"rendered":"http:\/\/www.caririemacao.com\/1\/?p=165047"},"modified":"2020-04-21T06:47:05","modified_gmt":"2020-04-21T09:47:05","slug":"irma-de-aluno-da-ufpb-que-morreu-de-coronavirus-faz-apelo-emocionada-fique-em-casa","status":"publish","type":"post","link":"https:\/\/www.caririemacao.com\/1\/2020\/04\/21\/irma-de-aluno-da-ufpb-que-morreu-de-coronavirus-faz-apelo-emocionada-fique-em-casa\/","title":{"rendered":"Irm\u00e3 de aluno da UFPB, que morreu de coronav\u00edrus faz apelo emocionada: &#8220;fique em casa&#8221;"},"content":{"rendered":"\n<p>A irm\u00e3 do estudante da UFPB que morreu infectado pelo novo coronav\u00edrus gravou um v\u00eddeo em que faz um apelo para que as pessoas cumpram o isolamento social no combate \u00e0 Covid-19. Maria Helena perdeu o irm\u00e3o no s\u00e1bado (18) e relatou que a fam\u00edlia n\u00e3o teve a chance de se despedir dele.<\/p>\n\n\n\n<p>A moradora de Santa Rita alertou que o v\u00edrus est\u00e1 na cidade e que o isolamento social \u00e9 muito importante. &#8220;Meu nome \u00e9 Maria Helena. Eu sou moradora da cidade de Santa Rita e vim aqui me expor para fazer um apelo a voc\u00eas: que n\u00e3o saiam de casa. Gente, cumpram o isolamento social. Isso \u00e9 muito importante. O v\u00edrus est\u00e1 na cidade e ele n\u00e3o pode mais ser replicado.&#8221;<\/p>\n\n\n\n<p>Maria Helena contou que a fam\u00edlia toda foi infectada e sobreviveu, com exce\u00e7\u00e3o do irm\u00e3o dela. &#8220;Ele \u00e9 real. Ele \u00e9 fatal. A nossa fam\u00edlia foi acometida pela Covid-19. N\u00f3s, gra\u00e7as a Deus sobrevivemos e estamos aqui curados: eu, meu esposo e meus pais. Mas meu irm\u00e3o n\u00e3o teve a mesma sorte. Ele faleceu ontem pela manh\u00e3 e n\u00f3s n\u00e3o tivemos nem o direito de nos despedir e dar o \u00faltimo adeus. Ent\u00e3o eu estou aqui compartilhando da minha dor para que voc\u00eas tenham consci\u00eancia que isso \u00e9 real. N\u00e3o saiam de casa.&#8221;<\/p>\n\n\n\n<figure><iframe width=\"900\" height=\"506\" data-src=\"https:\/\/www.youtube.com\/embed\/SZ6uRYSOyf4\" allowfullscreen=\"\" src=\"data:image\/svg+xml;base64,PHN2ZyB3aWR0aD0iMSIgaGVpZ2h0PSIxIiB4bWxucz0iaHR0cDovL3d3dy53My5vcmcvMjAwMC9zdmciPjwvc3ZnPg==\" class=\"lazyload\" data-load-mode=\"1\"><\/iframe><\/figure>\n","protected":false},"excerpt":{"rendered":"<p>A irm\u00e3 do estudante da UFPB que morreu infectado pelo novo coronav\u00edrus gravou um v\u00eddeo em que faz um apelo para que as pessoas cumpram&hellip; <\/p>\n","protected":false},"author":2,"featured_media":165048,"comment_status":"closed","ping_status":"closed","sticky":false,"template":"","format":"standard","meta":{"sfsi_plus_gutenberg_text_before_share":"","sfsi_plus_gutenberg_show_text_before_share":"","sfsi_plus_gutenberg_icon_type":"","sfsi_plus_gutenberg_icon_alignemt":"","sfsi_plus_gutenburg_max_per_row":"","footnotes":""},"categories":[50,2],"tags":[],"class_list":["post-165047","post","type-post","status-publish","format-standard","has-post-thumbnail","hentry","category-destaque","category-geral"],"_links":{"self":[{"href":"https:\/\/www.caririemacao.com\/1\/wp-json\/wp\/v2\/posts\/165047","targetHints":{"allow":["GET"]}}],"collection":[{"href":"https:\/\/www.caririemacao.com\/1\/wp-json\/wp\/v2\/posts"}],"about":[{"href":"https:\/\/www.caririemacao.com\/1\/wp-json\/wp\/v2\/types\/post"}],"author":[{"embeddable":true,"href":"https:\/\/www.caririemacao.com\/1\/wp-json\/wp\/v2\/users\/2"}],"replies":[{"embeddable":true,"href":"https:\/\/www.caririemacao.com\/1\/wp-json\/wp\/v2\/comments?post=165047"}],"version-history":[{"count":1,"href":"https:\/\/www.caririemacao.com\/1\/wp-json\/wp\/v2\/posts\/165047\/revisions"}],"predecessor-version":[{"id":165049,"href":"https:\/\/www.caririemacao.com\/1\/wp-json\/wp\/v2\/posts\/165047\/revisions\/165049"}],"wp:featuredmedia":[{"embeddable":true,"href":"https:\/\/www.caririemacao.com\/1\/wp-json\/wp\/v2\/media\/165048"}],"wp:attachment":[{"href":"https:\/\/www.caririemacao.com\/1\/wp-json\/wp\/v2\/media?parent=165047"}],"wp:term":[{"taxonomy":"category","embeddable":true,"href":"https:\/\/www.caririemacao.com\/1\/wp-json\/wp\/v2\/categories?post=165047"},{"taxonomy":"post_tag","embeddable":true,"href":"https:\/\/www.caririemacao.com\/1\/wp-json\/wp\/v2\/tags?post=165047"}],"curies":[{"name":"wp","href":"https:\/\/api.w.org\/{rel}","templated":true}]}}