{"id":165053,"date":"2020-04-21T07:23:25","date_gmt":"2020-04-21T10:23:25","guid":{"rendered":"http:\/\/www.caririemacao.com\/1\/?p=165053"},"modified":"2020-04-21T07:23:27","modified_gmt":"2020-04-21T10:23:27","slug":"augusto-aras-pede-investigacao-por-violacao-da-lei-de-seguranca-nacional-apos-manifestacoes-pedindo-fechamento-do-stf-e-do-congresso-nacional","status":"publish","type":"post","link":"https:\/\/www.caririemacao.com\/1\/2020\/04\/21\/augusto-aras-pede-investigacao-por-violacao-da-lei-de-seguranca-nacional-apos-manifestacoes-pedindo-fechamento-do-stf-e-do-congresso-nacional\/","title":{"rendered":"Augusto Aras pede investiga\u00e7\u00e3o por viola\u00e7\u00e3o da Lei de Seguran\u00e7a Nacional ap\u00f3s manifesta\u00e7\u00f5es pedindo fechamento do STF e do Congresso Nacional"},"content":{"rendered":"\n<p>O procurador-geral da Rep\u00fablica, Augusto Aras, solicitou ao Supremo Tribunal Federal, nesta segunda-feira (20), a abertura de um inqu\u00e9rito para investigar deputados federais que teriam envolvimento na organiza\u00e7\u00e3o de atos que pediram o fechamento do STF e do Congresso. As manifesta\u00e7\u00f5es aconteceram nesse domingo (19) em Jo\u00e3o Pessoa e em outras cidades brasileiras, tendo, principalmente, apoiadores do presidente Jair Bolsonaro como integrantes.<\/p>\n\n\n\n<p>Augusto Aras&nbsp;disse que o inqu\u00e9rito deve apurar a informa\u00e7\u00e3o&nbsp;de que&nbsp;as manifesta\u00e7\u00f5es, classificadas em tese como&nbsp;atos delituosos&nbsp;contra o regime da democracia participativa brasileira,&nbsp;foram organizadas&nbsp;por v\u00e1rios cidad\u00e3os, inclusive deputados federais, o que justifica a compet\u00eancia do STF.<\/p>\n\n\n\n<p>A investiga\u00e7\u00e3o refere-se a atos realizados em todo o pa\u00eds, nesse domingo, em que participantes pediram o fechamento de institui\u00e7\u00f5es democr\u00e1ticas, como o Congresso Nacional e o STF. O inqu\u00e9rito visa apurar poss\u00edvel viola\u00e7\u00e3o da Lei de Seguran\u00e7a Nacional (7.170\/1983). Uma das pautas de parte dos manifestantes era a reedi\u00e7\u00e3o do AI-5, o ato institucional que endureceu o regime militar no pa\u00eds.<\/p>\n\n\n\n<p>&#8220;O Estado brasileiro admite \u00fanica ideologia que \u00e9 a do regime da democracia participativa. Qualquer atentado \u00e0 democracia afronta a Constitui\u00e7\u00e3o e a Lei de Seguran\u00e7a Nacional&#8221;, afirmou o procurador-geral, Augusto Aras.<\/p>\n","protected":false},"excerpt":{"rendered":"<p>O procurador-geral da Rep\u00fablica, Augusto Aras, solicitou ao Supremo Tribunal Federal, nesta segunda-feira (20), a abertura de um inqu\u00e9rito para investigar deputados federais que teriam&hellip; <\/p>\n","protected":false},"author":2,"featured_media":165054,"comment_status":"closed","ping_status":"closed","sticky":false,"template":"","format":"standard","meta":{"sfsi_plus_gutenberg_text_before_share":"","sfsi_plus_gutenberg_show_text_before_share":"","sfsi_plus_gutenberg_icon_type":"","sfsi_plus_gutenberg_icon_alignemt":"","sfsi_plus_gutenburg_max_per_row":"","footnotes":""},"categories":[2],"tags":[],"class_list":["post-165053","post","type-post","status-publish","format-standard","has-post-thumbnail","hentry","category-geral"],"_links":{"self":[{"href":"https:\/\/www.caririemacao.com\/1\/wp-json\/wp\/v2\/posts\/165053","targetHints":{"allow":["GET"]}}],"collection":[{"href":"https:\/\/www.caririemacao.com\/1\/wp-json\/wp\/v2\/posts"}],"about":[{"href":"https:\/\/www.caririemacao.com\/1\/wp-json\/wp\/v2\/types\/post"}],"author":[{"embeddable":true,"href":"https:\/\/www.caririemacao.com\/1\/wp-json\/wp\/v2\/users\/2"}],"replies":[{"embeddable":true,"href":"https:\/\/www.caririemacao.com\/1\/wp-json\/wp\/v2\/comments?post=165053"}],"version-history":[{"count":1,"href":"https:\/\/www.caririemacao.com\/1\/wp-json\/wp\/v2\/posts\/165053\/revisions"}],"predecessor-version":[{"id":165055,"href":"https:\/\/www.caririemacao.com\/1\/wp-json\/wp\/v2\/posts\/165053\/revisions\/165055"}],"wp:featuredmedia":[{"embeddable":true,"href":"https:\/\/www.caririemacao.com\/1\/wp-json\/wp\/v2\/media\/165054"}],"wp:attachment":[{"href":"https:\/\/www.caririemacao.com\/1\/wp-json\/wp\/v2\/media?parent=165053"}],"wp:term":[{"taxonomy":"category","embeddable":true,"href":"https:\/\/www.caririemacao.com\/1\/wp-json\/wp\/v2\/categories?post=165053"},{"taxonomy":"post_tag","embeddable":true,"href":"https:\/\/www.caririemacao.com\/1\/wp-json\/wp\/v2\/tags?post=165053"}],"curies":[{"name":"wp","href":"https:\/\/api.w.org\/{rel}","templated":true}]}}