{"id":165057,"date":"2020-04-21T07:25:08","date_gmt":"2020-04-21T10:25:08","guid":{"rendered":"http:\/\/www.caririemacao.com\/1\/?p=165057"},"modified":"2020-04-21T07:25:09","modified_gmt":"2020-04-21T10:25:09","slug":"caixa-economica-e-sebrae-anunciam-linha-de-credito-para-micro-e-pequenas-empresas","status":"publish","type":"post","link":"https:\/\/www.caririemacao.com\/1\/2020\/04\/21\/caixa-economica-e-sebrae-anunciam-linha-de-credito-para-micro-e-pequenas-empresas\/","title":{"rendered":"Caixa Econ\u00f4mica e Sebrae anunciam linha de cr\u00e9dito para micro e pequenas empresas"},"content":{"rendered":"\n<p>A Caixa e o Sebrae (Servi\u00e7o Brasileiro de Apoio \u00e0s Micro e Pequenas Empresas) criaram uma linha de cr\u00e9dito para microempreendedores individuais e micro e pequenas empresas. O banco espera oferecer R$ 7,5 bilh\u00f5es por meio das opera\u00e7\u00f5es.<\/p>\n\n\n\n<p>De acordo com a Caixa, os empres\u00e1rios ter\u00e3o prazo de car\u00eancia de at\u00e9 12 meses para come\u00e7ar a pagar com taxas at\u00e9 41% menores que as usuais do banco.<\/p>\n\n\n\n<p>O presidente da Caixa, Pedro Guimar\u00e3es, disse que a parceria com o Sebrae permitiu a redu\u00e7\u00e3o da taxa de juros, assim como o aumento do n\u00famero de parcelas, em meio \u00e0 demanda por cr\u00e9dito causada pela crise do coronav\u00edrus. \u201cIsso vem em um momento importante\u201d, disse.<\/p>\n\n\n\n<p>O n\u00famero ficou abaixo do esperado (nos bastidores, se falava em montantes de pelo menos R$ 12 bilh\u00f5es). Segundo Guimar\u00e3es, isso ocorreu porque o banco n\u00e3o tem inten\u00e7\u00e3o de perder dinheiro.<\/p>\n\n\n\n<p>\u201cAs opera\u00e7\u00f5es s\u00f3 ser\u00e3o realizadas se for pra Caixa ganhar dinheiro. N\u00e3o faremos opera\u00e7\u00f5es com subs\u00eddios para ningu\u00e9m. N\u00e3o h\u00e1 a mais leve possibilidade de a Caixa realizar qualquer opera\u00e7\u00e3o que n\u00e3o seja sustent\u00e1vel\u201d, afirmou.<\/p>\n\n\n\n<p>O microempreendedor individual poder\u00e1 contratar at\u00e9 R$ 12,5 mil, com car\u00eancia de 9 meses e prazo de amortiza\u00e7\u00e3o de 24 meses. A taxa de juros ser\u00e1 de 1,59% ao m\u00eas.<\/p>\n\n\n\n<p>J\u00e1 as microempresas poder\u00e3o contratar at\u00e9 R$ 75 mil, com car\u00eancia de 12 meses e prazo de 30 meses. A taxa ser\u00e1 de 1,39% ao m\u00eas.<\/p>\n\n\n\n<p>As empresas de pequeno porte poder\u00e3o contratar at\u00e9 R$ 125 mil, com car\u00eancia de 12 meses e prazo de 36 meses. Os juros ser\u00e3o de 1,19% ao m\u00eas.<\/p>\n\n\n\n<p>Conforme antecipou o jornal Folha de S.Paulo, a iniciativa foi poss\u00edvel gra\u00e7as a uma MP (medida provis\u00f3ria) do governo que cortou repasses a entidades do Sistema S e, no caso do Sebrae, fez recursos serem destinados a um fundo da pr\u00f3pria entidade. A MP refor\u00e7ou o caixa do Fampe (Fundo de Aval para as Micro e Pequenas Empresas).<\/p>\n\n\n\n<p>O presidente do Sebrae, Carlos Melles, afirmou que \u00e9 preciso melhorar o ambiente de cr\u00e9dito e que o tamanho do programa n\u00e3o \u00e9 o bastante para atender a demanda existente.<\/p>\n\n\n\n<p>\u201cN\u00e3o \u00e9 suficiente. Nem os nosso modelos [iniciais], de chegar a R$ 24 bilh\u00f5es, eram suficientes\u201d, afirmou.<\/p>\n\n\n\n<p>Melles diz que h\u00e1 negocia\u00e7\u00f5es em andamento para ampliar o programa em parceria com outros bancos, como o BNDES (Banco Nacional de Desenvolvimento Econ\u00f4mico e Social).<\/p>\n","protected":false},"excerpt":{"rendered":"<p>A Caixa e o Sebrae (Servi\u00e7o Brasileiro de Apoio \u00e0s Micro e Pequenas Empresas) criaram uma linha de cr\u00e9dito para microempreendedores individuais e micro e&hellip; <\/p>\n","protected":false},"author":2,"featured_media":165058,"comment_status":"closed","ping_status":"closed","sticky":false,"template":"","format":"standard","meta":{"sfsi_plus_gutenberg_text_before_share":"","sfsi_plus_gutenberg_show_text_before_share":"","sfsi_plus_gutenberg_icon_type":"","sfsi_plus_gutenberg_icon_alignemt":"","sfsi_plus_gutenburg_max_per_row":"","footnotes":""},"categories":[2],"tags":[],"class_list":["post-165057","post","type-post","status-publish","format-standard","has-post-thumbnail","hentry","category-geral"],"_links":{"self":[{"href":"https:\/\/www.caririemacao.com\/1\/wp-json\/wp\/v2\/posts\/165057","targetHints":{"allow":["GET"]}}],"collection":[{"href":"https:\/\/www.caririemacao.com\/1\/wp-json\/wp\/v2\/posts"}],"about":[{"href":"https:\/\/www.caririemacao.com\/1\/wp-json\/wp\/v2\/types\/post"}],"author":[{"embeddable":true,"href":"https:\/\/www.caririemacao.com\/1\/wp-json\/wp\/v2\/users\/2"}],"replies":[{"embeddable":true,"href":"https:\/\/www.caririemacao.com\/1\/wp-json\/wp\/v2\/comments?post=165057"}],"version-history":[{"count":1,"href":"https:\/\/www.caririemacao.com\/1\/wp-json\/wp\/v2\/posts\/165057\/revisions"}],"predecessor-version":[{"id":165059,"href":"https:\/\/www.caririemacao.com\/1\/wp-json\/wp\/v2\/posts\/165057\/revisions\/165059"}],"wp:featuredmedia":[{"embeddable":true,"href":"https:\/\/www.caririemacao.com\/1\/wp-json\/wp\/v2\/media\/165058"}],"wp:attachment":[{"href":"https:\/\/www.caririemacao.com\/1\/wp-json\/wp\/v2\/media?parent=165057"}],"wp:term":[{"taxonomy":"category","embeddable":true,"href":"https:\/\/www.caririemacao.com\/1\/wp-json\/wp\/v2\/categories?post=165057"},{"taxonomy":"post_tag","embeddable":true,"href":"https:\/\/www.caririemacao.com\/1\/wp-json\/wp\/v2\/tags?post=165057"}],"curies":[{"name":"wp","href":"https:\/\/api.w.org\/{rel}","templated":true}]}}