{"id":165067,"date":"2020-04-21T07:30:22","date_gmt":"2020-04-21T10:30:22","guid":{"rendered":"http:\/\/www.caririemacao.com\/1\/?p=165067"},"modified":"2020-04-21T07:30:25","modified_gmt":"2020-04-21T10:30:25","slug":"governador-da-pb-entrega-hospital-de-campanha-para-atender-pacientes-com-covid-19","status":"publish","type":"post","link":"https:\/\/www.caririemacao.com\/1\/2020\/04\/21\/governador-da-pb-entrega-hospital-de-campanha-para-atender-pacientes-com-covid-19\/","title":{"rendered":"Governador da PB entrega hospital de campanha para atender pacientes com Covid-19"},"content":{"rendered":"\n<p>O governador Jo\u00e3o Azev\u00eado fez a entrega simb\u00f3lica, nesta segunda-feira (20), do Hospital Solid\u00e1rio, montado no estacionamento do Hospital Metropolitano Dom Jos\u00e9 Maria Pires em Santa Rita.<\/p>\n\n\n\n<p>A estrutura j\u00e1 est\u00e1 pronta para atender pacientes com casos moderados ou graves da Covid-19, doen\u00e7a provocada pelo novo coronav\u00edrus, e \u00e9 a primeira desse porte a ficar totalmente pronta no Nordeste, erguida do zero.<\/p>\n\n\n\n<figure class=\"wp-block-image\"><img decoding=\"async\" data-src=\"https:\/\/paraibaonline.com.br\/wp-content\/uploads\/2020\/04\/hospital-solid%C3%A1rio-hospital-de-campanha-para%C3%ADba-5.jpg\" alt=\"Foto: Secom\/PB\" class=\"wp-image-851319 lazyload\" src=\"data:image\/svg+xml;base64,PHN2ZyB3aWR0aD0iMSIgaGVpZ2h0PSIxIiB4bWxucz0iaHR0cDovL3d3dy53My5vcmcvMjAwMC9zdmciPjwvc3ZnPg==\" \/><\/figure>\n\n\n\n<p>Foto: Secom\/PB<\/p>\n\n\n\n<p>Para manter o funcionamento da unidade durante os pr\u00f3ximos tr\u00eas meses, o Governo do Estado est\u00e1 investindo R$ 17,1 milh\u00f5es destinados \u00e0 aquisi\u00e7\u00e3o de equipamentos e insumos, pagamento do funcionalismo e loca\u00e7\u00e3o de estrutura.<\/p>\n\n\n\n<p>O Hospital Solid\u00e1rio disponibiliza 130 leitos de enfermaria e est\u00e1 a 50 metros do Hospital Metropolitano, que reservou 53 leitos de Unidades de Terapia Intensiva (UTIs) para atender os casos mais graves, al\u00e9m de disponibilizar o Centro de Diagn\u00f3stico por Imagem (CDI).<\/p>\n\n\n\n<p>J\u00e1 o atendimento ser\u00e1 feito pelos 780 profissionais de Sa\u00fade aprovados em Processo Seletivo realizado pela gest\u00e3o estadual em car\u00e1ter emergencial devido \u00e0 pandemia.<\/p>\n\n\n\n<p>O governador Jo\u00e3o Azev\u00eado destacou que a localiza\u00e7\u00e3o estrat\u00e9gica do Hospital Solid\u00e1rio ser\u00e1 decisiva para a realiza\u00e7\u00e3o de um atendimento eficaz.<\/p>\n\n\n\n<p>\u201cEssa localiza\u00e7\u00e3o do hospital tem a ver com a estrutura j\u00e1 montada no Hospital Metropolitano para que a gente possa dar um apoio r\u00e1pido e prestar a melhor assist\u00eancia p\u00fablica \u00e0 popula\u00e7\u00e3o\u201d, disse.<\/p>\n\n\n\n<figure class=\"wp-block-image\"><img decoding=\"async\" data-src=\"https:\/\/paraibaonline.com.br\/wp-content\/uploads\/2020\/04\/hospital-solid%C3%A1rio-hospital-de-campanha-para%C3%ADba-2.jpg\" alt=\"Foto: Secom\/PB\" class=\"wp-image-851316 lazyload\" src=\"data:image\/svg+xml;base64,PHN2ZyB3aWR0aD0iMSIgaGVpZ2h0PSIxIiB4bWxucz0iaHR0cDovL3d3dy53My5vcmcvMjAwMC9zdmciPjwvc3ZnPg==\" \/><\/figure>\n\n\n\n<p>Foto: Secom\/PB<\/p>\n\n\n\n<p>O secret\u00e1rio de Sa\u00fade, Geraldo Medeiros, afirmou que os 130 leitos entregues nesta segunda-feira integram o Plano de Conting\u00eancia elaborado pelo Governo do Estado para o enfrentamento da Covid-19.<\/p>\n\n\n\n<p>\u201cO Hospital Solid\u00e1rio tem o objetivo de resguardar ainda mais essa estrutura de leitos hospitalares que foi montada desde o final de fevereiro e que tem o objetivo de atender os pacientes que, porventura, apresentarem quadros moderados de coronav\u00edrus e os que precisarem de UTI ser\u00e3o remanejados para o Hospital Metropolitano, observando que esses pacientes ser\u00e3o encaminhados para o Hospital Solid\u00e1rio por meio da nossa Central de Regula\u00e7\u00e3o Estadual\u201d, explicou.<\/p>\n\n\n\n<p>O diretor geral do Hospital Metropolitano, Ant\u00f4nio Pedrosa, destacou que a escala de plant\u00e3o j\u00e1 est\u00e1 organizada para prestar os atendimentos.<\/p>\n\n\n\n<p>\u201cN\u00f3s j\u00e1 temos m\u00e9dicos, enfermeiros, t\u00e9cnicos de enfermagem e fisioterapeutas prontos para atender a popula\u00e7\u00e3o que precisar e vamos disponibilizar toda a nossa estrutura assistencial e administrativa, o que otimiza custos e tempo, sendo muito importante nesse momento. Al\u00e9m disso, tomamos todos os cuidados, com a implanta\u00e7\u00e3o de barreiras qu\u00edmicas e f\u00edsicas, para proteger as \u00e1reas do Hospital Metropolitano, onde ser\u00e3o mantidos os atendimentos de neurologia e cardiologia\u201d, falou.<\/p>\n\n\n\n<p>Hospital Solid\u00e1rio \u2013 A estrutura met\u00e1lica, com cobertura lonada foi montada numa \u00e1rea de 2.490 m\u00b2. O hospital de campanha atender\u00e1 pacientes com casos diagnosticados para o coronav\u00edrus, moderados a graves, vindos de todos os 223 munic\u00edpios paraibanos, por meio de regula\u00e7\u00e3o, ou seja, a comunica\u00e7\u00e3o entre hospitais para informar onde h\u00e1 leitos dispon\u00edveis, facilitando e agilizando o atendimento. Se o caso for grave ou moderado, fica no pr\u00f3prio Hospital Solid\u00e1rio. Se for grav\u00edssimo, dever\u00e1 ser encaminhado para o Metropolitano.<\/p>\n\n\n\n<p>O Hospital Solid\u00e1rio possui tr\u00eas eixos: amarelo (pacientes que apresentam sintomas leves, mas que precisam de interna\u00e7\u00e3o), vermelho (pacientes com diagn\u00f3stico confirmado para a Covid-19, mas que ainda n\u00e3o precisam de intuba\u00e7\u00e3o) e verde (pacientes com melhora cl\u00ednica e perto de receber alta), oito postos de enfermagem, \u00e1reas de descontamina\u00e7\u00e3o, \u00e1reas de repouso e relaxamento para os profissionais de Sa\u00fade e salas de videoconfer\u00eancia e de decis\u00e3o cl\u00ednica.<\/p>\n\n\n\n<p>A Companhia de \u00c1gua e Esgotos da Para\u00edba (Cagepa) tamb\u00e9m tem contribu\u00eddo com a manuten\u00e7\u00e3o do Hospital Solid\u00e1rio, fazendo a doa\u00e7\u00e3o di\u00e1ria de 1,5 mil copos de \u00e1gua.<\/p>\n","protected":false},"excerpt":{"rendered":"<p>O governador Jo\u00e3o Azev\u00eado fez a entrega simb\u00f3lica, nesta segunda-feira (20), do Hospital Solid\u00e1rio, montado no estacionamento do Hospital Metropolitano Dom Jos\u00e9 Maria Pires em&hellip; <\/p>\n","protected":false},"author":2,"featured_media":165068,"comment_status":"closed","ping_status":"closed","sticky":false,"template":"","format":"standard","meta":{"sfsi_plus_gutenberg_text_before_share":"","sfsi_plus_gutenberg_show_text_before_share":"","sfsi_plus_gutenberg_icon_type":"","sfsi_plus_gutenberg_icon_alignemt":"","sfsi_plus_gutenburg_max_per_row":"","footnotes":""},"categories":[2],"tags":[],"class_list":["post-165067","post","type-post","status-publish","format-standard","has-post-thumbnail","hentry","category-geral"],"_links":{"self":[{"href":"https:\/\/www.caririemacao.com\/1\/wp-json\/wp\/v2\/posts\/165067","targetHints":{"allow":["GET"]}}],"collection":[{"href":"https:\/\/www.caririemacao.com\/1\/wp-json\/wp\/v2\/posts"}],"about":[{"href":"https:\/\/www.caririemacao.com\/1\/wp-json\/wp\/v2\/types\/post"}],"author":[{"embeddable":true,"href":"https:\/\/www.caririemacao.com\/1\/wp-json\/wp\/v2\/users\/2"}],"replies":[{"embeddable":true,"href":"https:\/\/www.caririemacao.com\/1\/wp-json\/wp\/v2\/comments?post=165067"}],"version-history":[{"count":1,"href":"https:\/\/www.caririemacao.com\/1\/wp-json\/wp\/v2\/posts\/165067\/revisions"}],"predecessor-version":[{"id":165069,"href":"https:\/\/www.caririemacao.com\/1\/wp-json\/wp\/v2\/posts\/165067\/revisions\/165069"}],"wp:featuredmedia":[{"embeddable":true,"href":"https:\/\/www.caririemacao.com\/1\/wp-json\/wp\/v2\/media\/165068"}],"wp:attachment":[{"href":"https:\/\/www.caririemacao.com\/1\/wp-json\/wp\/v2\/media?parent=165067"}],"wp:term":[{"taxonomy":"category","embeddable":true,"href":"https:\/\/www.caririemacao.com\/1\/wp-json\/wp\/v2\/categories?post=165067"},{"taxonomy":"post_tag","embeddable":true,"href":"https:\/\/www.caririemacao.com\/1\/wp-json\/wp\/v2\/tags?post=165067"}],"curies":[{"name":"wp","href":"https:\/\/api.w.org\/{rel}","templated":true}]}}