{"id":165074,"date":"2020-04-21T07:38:06","date_gmt":"2020-04-21T10:38:06","guid":{"rendered":"http:\/\/www.caririemacao.com\/1\/?p=165074"},"modified":"2020-04-21T07:38:08","modified_gmt":"2020-04-21T10:38:08","slug":"joao-azevedo-pede-respiradores-e-epis-ao-ministro-da-saude","status":"publish","type":"post","link":"https:\/\/www.caririemacao.com\/1\/2020\/04\/21\/joao-azevedo-pede-respiradores-e-epis-ao-ministro-da-saude\/","title":{"rendered":"Jo\u00e3o Azev\u00eado pede respiradores e EPIs ao ministro da Sa\u00fade"},"content":{"rendered":"\n<p>O governador Jo\u00e3o Azev\u00eado (Cidadania) participou, nesta segunda-feira (20), de reuni\u00e3o, por meio de videoconfer\u00eancia, com o ministro da Sa\u00fade, Nelson Teich, e demais governadores do Nordeste. Na ocasi\u00e3o, o chefe do Executivo da Para\u00edba refor\u00e7ou o pedido ao governo federal para o envio de respiradores e Equipamentos de Prote\u00e7\u00e3o Individual (EPIs) e pleiteou que a discuss\u00e3o acerca da distribui\u00e7\u00e3o de recursos para o enfrentamento do coronav\u00edrus tenha como base os Planos de Conting\u00eancia enviados ao Minist\u00e9rio da Sa\u00fade.\u00a0<\/p>\n\n\n\n<p>Na sua explana\u00e7\u00e3o, Jo\u00e3o Azev\u00eado destacou que o Governo da Para\u00edba tem trabalhado na amplia\u00e7\u00e3o de leitos, com a abertura de um hospital de campanha e loca\u00e7\u00e3o de hospitais privados que estavam desativados nos munic\u00edpios de Jo\u00e3o Pessoa e de Campina Grande, na contrata\u00e7\u00e3o tempor\u00e1ria de mais de tr\u00eas mil profissionais de Sa\u00fade e na aquisi\u00e7\u00e3o de 310 mil testes r\u00e1pidos.<\/p>\n\n\n\n<p>\u201cN\u00f3s estamos numa luta muito grande para conseguir respiradores, estamos lan\u00e7ando editais na \u00e1rea de tecnologia para que as universidades que tenham alguns estudos de fabrica\u00e7\u00e3o de respiradores possam nos apresentar e tentamos operacionalizar internamente algumas linhas de produ\u00e7\u00e3o em algumas ind\u00fastrias do Estado para produzir EPIs\u201d, relatou o governador.<\/p>\n\n\n\n<p>Ele ainda refor\u00e7ou a necessidade da uni\u00e3o dos agentes p\u00fablicos para o enfrentamento do coronav\u00edrus. \u201cA uni\u00e3o dos Estados, munic\u00edpios e governo federal \u00e9 a \u00fanica forma de sairmos dessa situa\u00e7\u00e3o. N\u00e3o h\u00e1 outra forma de enfrentarmos essa quest\u00e3o porque o nosso interesse maior \u00e9 defender a popula\u00e7\u00e3o\u201d, pontuou.<\/p>\n\n\n\n<p>Na oportunidade, os governadores do Nordeste tamb\u00e9m cobraram a habilita\u00e7\u00e3o de leitos, reiteraram o pedido para o governo central autorizar que brasileiros formados em Medicina no exterior atuem no pa\u00eds e pediram um posicionamento do ministro sobre o isolamento social.<\/p>\n\n\n\n<p>Por sua vez, o ministro Nelson Teich afirmou que est\u00e1 mapeando os problemas de todos os Estados e sugeriu um fluxo de trabalho cont\u00ednuo com os gestores. \u201cVamos trabalhar juntos, ouvindo os secret\u00e1rios de Sa\u00fade porque a intera\u00e7\u00e3o \u00e9 fundamental e vamos tra\u00e7ar uma linha de trabalho para ajudar o mais r\u00e1pido poss\u00edvel\u201d, disse.<\/p>\n\n\n\n<p><strong>MaisPB<\/strong><\/p>\n","protected":false},"excerpt":{"rendered":"<p>O governador Jo\u00e3o Azev\u00eado (Cidadania) participou, nesta segunda-feira (20), de reuni\u00e3o, por meio de videoconfer\u00eancia, com o ministro da Sa\u00fade, Nelson Teich, e demais governadores&hellip; <\/p>\n","protected":false},"author":2,"featured_media":164598,"comment_status":"closed","ping_status":"closed","sticky":false,"template":"","format":"standard","meta":{"sfsi_plus_gutenberg_text_before_share":"","sfsi_plus_gutenberg_show_text_before_share":"","sfsi_plus_gutenberg_icon_type":"","sfsi_plus_gutenberg_icon_alignemt":"","sfsi_plus_gutenburg_max_per_row":"","footnotes":""},"categories":[50,2],"tags":[],"class_list":["post-165074","post","type-post","status-publish","format-standard","has-post-thumbnail","hentry","category-destaque","category-geral"],"_links":{"self":[{"href":"https:\/\/www.caririemacao.com\/1\/wp-json\/wp\/v2\/posts\/165074","targetHints":{"allow":["GET"]}}],"collection":[{"href":"https:\/\/www.caririemacao.com\/1\/wp-json\/wp\/v2\/posts"}],"about":[{"href":"https:\/\/www.caririemacao.com\/1\/wp-json\/wp\/v2\/types\/post"}],"author":[{"embeddable":true,"href":"https:\/\/www.caririemacao.com\/1\/wp-json\/wp\/v2\/users\/2"}],"replies":[{"embeddable":true,"href":"https:\/\/www.caririemacao.com\/1\/wp-json\/wp\/v2\/comments?post=165074"}],"version-history":[{"count":1,"href":"https:\/\/www.caririemacao.com\/1\/wp-json\/wp\/v2\/posts\/165074\/revisions"}],"predecessor-version":[{"id":165076,"href":"https:\/\/www.caririemacao.com\/1\/wp-json\/wp\/v2\/posts\/165074\/revisions\/165076"}],"wp:featuredmedia":[{"embeddable":true,"href":"https:\/\/www.caririemacao.com\/1\/wp-json\/wp\/v2\/media\/164598"}],"wp:attachment":[{"href":"https:\/\/www.caririemacao.com\/1\/wp-json\/wp\/v2\/media?parent=165074"}],"wp:term":[{"taxonomy":"category","embeddable":true,"href":"https:\/\/www.caririemacao.com\/1\/wp-json\/wp\/v2\/categories?post=165074"},{"taxonomy":"post_tag","embeddable":true,"href":"https:\/\/www.caririemacao.com\/1\/wp-json\/wp\/v2\/tags?post=165074"}],"curies":[{"name":"wp","href":"https:\/\/api.w.org\/{rel}","templated":true}]}}