{"id":165078,"date":"2020-04-21T07:41:52","date_gmt":"2020-04-21T10:41:52","guid":{"rendered":"http:\/\/www.caririemacao.com\/1\/?p=165078"},"modified":"2020-04-21T07:41:54","modified_gmt":"2020-04-21T10:41:54","slug":"ufpb-suspende-calendario-academico","status":"publish","type":"post","link":"https:\/\/www.caririemacao.com\/1\/2020\/04\/21\/ufpb-suspende-calendario-academico\/","title":{"rendered":"UFPB suspende calend\u00e1rio acad\u00eamico"},"content":{"rendered":"\n<p>O Conselho Superior de Ensino, Pesquisa e Extens\u00e3o (Consepe) da Universidade Federal da Para\u00edba (UFPB) decidiu suspender os calend\u00e1rios acad\u00eamicos do per\u00edodo letivo de 2020.1, para cursos presenciais de gradua\u00e7\u00e3o dos quatro campi da institui\u00e7\u00e3o, em reuni\u00e3o extraordin\u00e1ria na manh\u00e3 desta segunda-feira (20).<\/p>\n\n\n\n<p>De acordo com os calend\u00e1rios&nbsp;cancelados, as atividades presenciais teriam in\u00edcio&nbsp;nesta quinta-feira (23), para os campi I (Jo\u00e3o Pessoa) e IV (Rio Tinto e Mamanguape), e&nbsp;em&nbsp;14 de maio, para os campi II (Areia) e III (Bananeiras).<\/p>\n\n\n\n<p>A suspens\u00e3o das atividades presenciais tamb\u00e9m valem para os cursos de p\u00f3s-gradua\u00e7\u00e3o. As pesquisas e&nbsp; orienta\u00e7\u00f5es continuam sendo desenvolvidas remotamente. A situa\u00e7\u00e3o dos cursos do Ensino a Dist\u00e2ncia (EAD) ser\u00e1 discutida no pr\u00f3ximo m\u00eas. A UFPB tem&nbsp;36.792 estudantes&nbsp;em todos os n\u00edveis de ensino.<\/p>\n\n\n\n<p>Essas medidas valem&nbsp;por tempo indeterminado e enquanto&nbsp;perdurar,&nbsp;na Para\u00edba,&nbsp;a situa\u00e7\u00e3o de emerg\u00eancia em sa\u00fade p\u00fablica decorrente da epidemia de Covid-19.&nbsp;De acordo com a reitora Margareth Diniz,&nbsp;nova reuni\u00e3o ocorrer\u00e1 em&nbsp;5 de maio, quando ser\u00e3o apresentadas e discutidas propostas&nbsp;de&nbsp;funcionamento&nbsp;do&nbsp;per\u00edodo letivo&nbsp;de&nbsp;2020.1&nbsp;por meio de&nbsp;atividades n\u00e3o presenciais.&nbsp;Se aprovadas, as atividades remotas come\u00e7ar\u00e3o em 11 de maio.<br><\/p>\n\n\n\n<p>\u201cOs calend\u00e1rios precisavam ser suspensos porque estavam vigentes. No pr\u00f3ximo dia&nbsp;5 de maio, vai acontecer outra reuni\u00e3o extraordin\u00e1ria para decidir o funcionando da gradua\u00e7\u00e3o na UFPB, no modelo n\u00e3o presencial. Ser\u00e3o propostas, discutidas e deliberadas v\u00e1rias a\u00e7\u00f5es para docentes e estudantes at\u00e9 quando houver um momento seguro para retorno presencial. Vai dar certo\u201d, tranquiliza a gestora.<\/p>\n\n\n\n<p>A reuni\u00e3o do Consepe foi realizada atrav\u00e9s de videoconfer\u00eancia. At\u00e9 o pr\u00f3ximo encontro,&nbsp;as&nbsp;pr\u00f3-reitorias&nbsp;de&nbsp;gradua\u00e7\u00e3o,&nbsp;p\u00f3s-gradua\u00e7\u00e3o, de&nbsp;pesquisa e de&nbsp;extens\u00e3o&nbsp;dever\u00e3o&nbsp;acolher sugest\u00f5es da comunidade universit\u00e1ria&nbsp;para as&nbsp;atividades acad\u00eamicas n\u00e3o presenciais&nbsp;no&nbsp;per\u00edodo letivo&nbsp;de&nbsp;2020.1, durante&nbsp;o isolamento social.&nbsp;Novos calend\u00e1rios ser\u00e3o elaborados pelo Consepe, assim que for considerado seguro o retorno do funcionamento presencial.<\/p>\n","protected":false},"excerpt":{"rendered":"<p>O Conselho Superior de Ensino, Pesquisa e Extens\u00e3o (Consepe) da Universidade Federal da Para\u00edba (UFPB) decidiu suspender os calend\u00e1rios acad\u00eamicos do per\u00edodo letivo de 2020.1,&hellip; <\/p>\n","protected":false},"author":2,"featured_media":165080,"comment_status":"closed","ping_status":"closed","sticky":false,"template":"","format":"standard","meta":{"sfsi_plus_gutenberg_text_before_share":"","sfsi_plus_gutenberg_show_text_before_share":"","sfsi_plus_gutenberg_icon_type":"","sfsi_plus_gutenberg_icon_alignemt":"","sfsi_plus_gutenburg_max_per_row":"","footnotes":""},"categories":[2],"tags":[],"class_list":["post-165078","post","type-post","status-publish","format-standard","has-post-thumbnail","hentry","category-geral"],"_links":{"self":[{"href":"https:\/\/www.caririemacao.com\/1\/wp-json\/wp\/v2\/posts\/165078","targetHints":{"allow":["GET"]}}],"collection":[{"href":"https:\/\/www.caririemacao.com\/1\/wp-json\/wp\/v2\/posts"}],"about":[{"href":"https:\/\/www.caririemacao.com\/1\/wp-json\/wp\/v2\/types\/post"}],"author":[{"embeddable":true,"href":"https:\/\/www.caririemacao.com\/1\/wp-json\/wp\/v2\/users\/2"}],"replies":[{"embeddable":true,"href":"https:\/\/www.caririemacao.com\/1\/wp-json\/wp\/v2\/comments?post=165078"}],"version-history":[{"count":1,"href":"https:\/\/www.caririemacao.com\/1\/wp-json\/wp\/v2\/posts\/165078\/revisions"}],"predecessor-version":[{"id":165081,"href":"https:\/\/www.caririemacao.com\/1\/wp-json\/wp\/v2\/posts\/165078\/revisions\/165081"}],"wp:featuredmedia":[{"embeddable":true,"href":"https:\/\/www.caririemacao.com\/1\/wp-json\/wp\/v2\/media\/165080"}],"wp:attachment":[{"href":"https:\/\/www.caririemacao.com\/1\/wp-json\/wp\/v2\/media?parent=165078"}],"wp:term":[{"taxonomy":"category","embeddable":true,"href":"https:\/\/www.caririemacao.com\/1\/wp-json\/wp\/v2\/categories?post=165078"},{"taxonomy":"post_tag","embeddable":true,"href":"https:\/\/www.caririemacao.com\/1\/wp-json\/wp\/v2\/tags?post=165078"}],"curies":[{"name":"wp","href":"https:\/\/api.w.org\/{rel}","templated":true}]}}