{"id":165083,"date":"2020-04-21T07:43:58","date_gmt":"2020-04-21T10:43:58","guid":{"rendered":"http:\/\/www.caririemacao.com\/1\/?p=165083"},"modified":"2020-04-21T07:44:01","modified_gmt":"2020-04-21T10:44:01","slug":"quarto-caso-de-covid-19-e-confirmado-na-regiao-do-cariri-jovem-de-25-anos-encontra-se-em-isolamento-domiciliar","status":"publish","type":"post","link":"https:\/\/www.caririemacao.com\/1\/2020\/04\/21\/quarto-caso-de-covid-19-e-confirmado-na-regiao-do-cariri-jovem-de-25-anos-encontra-se-em-isolamento-domiciliar\/","title":{"rendered":"Quarto caso de Covid-19 \u00e9 confirmado na regi\u00e3o do Cariri; jovem de 25 anos encontra-se em isolamento domiciliar"},"content":{"rendered":"\n<p>Nesta segunda-feira(20) foi confirmado o quarto caso de Covid-19 (novo coronav\u00edrus) na regi\u00e3o do Cariri. Um jovem de 25 anos de idade, residente no S\u00edtio Riacho Fundo, zona rural de Barra de S\u00e3o Miguel, testou positivo para o novo v\u00edrus.<\/p>\n\n\n\n<p>A Prefeitura de Barra de S\u00e3o Miguel, atrav\u00e9s da Secretaria Municipal de Sa\u00fade, confirmou atrav\u00e9s de nota oficial o resultado do teste positivo.<\/p>\n\n\n\n<p>Recentemente o jovem esteve na feira da Ceasa em Campina Grande e ap\u00f3s alguns dias come\u00e7ou a sentir os sintomas da doen\u00e7a. O jovem se encontra em isolamento domiciliar em Campina Grande e est\u00e1 se recuperando da doen\u00e7a.<\/p>\n\n\n\n<p>A Prefeitura do Barra de S\u00e3o Miguel pede para que a popula\u00e7\u00e3o mantenha os cuidados e medidas de prote\u00e7\u00e3o e ao perceber sintomas procure o servi\u00e7o municipal de sa\u00fade.<\/p>\n\n\n\n<p>Os outros demais casos do Covid-19 na regi\u00e3o do Cariri, foram registrados nos munic\u00edpios de Serra Branca, Tapero\u00e1 e Congo.<\/p>\n\n\n\n<div class=\"wp-block-image\"><figure class=\"aligncenter\"><img decoding=\"async\" data-src=\"http:\/\/deolhonocariri.com.br\/wp-content\/uploads\/2020\/04\/94032786_2867929176627316_5810817200725950464_o.jpg\" alt=\"\" class=\"wp-image-81041 lazyload\" src=\"data:image\/svg+xml;base64,PHN2ZyB3aWR0aD0iMSIgaGVpZ2h0PSIxIiB4bWxucz0iaHR0cDovL3d3dy53My5vcmcvMjAwMC9zdmciPjwvc3ZnPg==\" \/><\/figure><\/div>\n\n\n\n<p><strong>Confira a nota emitida pela prefeitura municipal:<\/strong><\/p>\n\n\n\n<p><em>A Prefeitura Municipal de Barra de S\u00e3o Miguel, por meio da Secretaria Municipal de Sa\u00fade, confirma o primeiro caso de Covid-19 no munic\u00edpio.<\/em><\/p>\n\n\n\n<p><em>Trata-se de um homem com 25 anos de idade. O paciente sentiu os primeiros sintomas da Covid-19 no domingo (12), familiares procuraram a Secretaria Municipal de Sa\u00fade que seguiu todos os protocolos que requer o caso, o exame realizado de forma particular e teve a confirma\u00e7\u00e3o na manh\u00e3 desta segunda-feira (20).<\/em><\/p>\n\n\n\n<p><em>O paciente encontra-se em bom estado cl\u00ednico e est\u00e1 em isolamento domiciliar na cidade de Campina Grande, j\u00e1 que tamb\u00e9m possui resid\u00eancia na citada cidade, recebendo todo o acompanhamento e aux\u00edlio necess\u00e1rio por parte dos \u00f3rg\u00e3os de sa\u00fade municipal e estadual.<\/em><\/p>\n\n\n\n<p><em>Informamos ainda que toda a sua fam\u00edlia em Barra de S\u00e3o Miguel est\u00e1 em isolamento social e que a Secretaria Municipal de Sa\u00fade de Barra j\u00e1 est\u00e1 tomando todas as medidas necess\u00e1rias que requer o caso tamb\u00e9m para aqueles que possivelmente tiveram algum contato com o paciente nas ultimas semanas.<\/em><\/p>\n\n\n\n<p><em>Alertamos mais uma vez para a import\u00e2ncia do isolamento social, pedimos encarecidamente \u00e0 popula\u00e7\u00e3o que sigam as recomenda\u00e7\u00f5es de sa\u00fade amplamente divulgadas diariamente pelos \u00f3rg\u00e3os competentes.<\/em><\/p>\n\n\n\n<p><em>Desde o \u00faltimo dia 02 de Abril do corrente ano, em decorr\u00eancia do estado delicado de sa\u00fade que atravessa o pa\u00eds, o munic\u00edpio de Barra de S\u00e3o Miguel j\u00e1 havia decretado estado de calamidade p\u00fablica e vem adotando medidas de seguran\u00e7a e enfrentamento ao Coronav\u00edrus, mas precisamos que a popula\u00e7\u00e3o fa\u00e7a sua parte.<\/em><\/p>\n\n\n\n<p><em>O caso ainda n\u00e3o consta no boletim da Secretaria Estadual de Sa\u00fade, pois a confirma\u00e7\u00e3o se deu ap\u00f3s exames particulares, mas a Secretaria de Sa\u00fade Estadual j\u00e1 est\u00e1 ciente da situa\u00e7\u00e3o e tamb\u00e9m acompanha o caso.<\/em><\/p>\n\n\n\n<p><em>Informa\u00e7\u00f5es: 98694-2124 (Plant\u00e3o Sa\u00fade 24 horas) ou 98878-0424 (Secret\u00e1ria de Sa\u00fade).<\/em><\/p>\n\n\n\n<p><strong>De Olho no Cariri<\/strong><\/p>\n","protected":false},"excerpt":{"rendered":"<p>Nesta segunda-feira(20) foi confirmado o quarto caso de Covid-19 (novo coronav\u00edrus) na regi\u00e3o do Cariri. Um jovem de 25 anos de idade, residente no S\u00edtio&hellip; <\/p>\n","protected":false},"author":2,"featured_media":165084,"comment_status":"closed","ping_status":"closed","sticky":false,"template":"","format":"standard","meta":{"sfsi_plus_gutenberg_text_before_share":"","sfsi_plus_gutenberg_show_text_before_share":"","sfsi_plus_gutenberg_icon_type":"","sfsi_plus_gutenberg_icon_alignemt":"","sfsi_plus_gutenburg_max_per_row":"","footnotes":""},"categories":[50,2],"tags":[],"class_list":["post-165083","post","type-post","status-publish","format-standard","has-post-thumbnail","hentry","category-destaque","category-geral"],"_links":{"self":[{"href":"https:\/\/www.caririemacao.com\/1\/wp-json\/wp\/v2\/posts\/165083","targetHints":{"allow":["GET"]}}],"collection":[{"href":"https:\/\/www.caririemacao.com\/1\/wp-json\/wp\/v2\/posts"}],"about":[{"href":"https:\/\/www.caririemacao.com\/1\/wp-json\/wp\/v2\/types\/post"}],"author":[{"embeddable":true,"href":"https:\/\/www.caririemacao.com\/1\/wp-json\/wp\/v2\/users\/2"}],"replies":[{"embeddable":true,"href":"https:\/\/www.caririemacao.com\/1\/wp-json\/wp\/v2\/comments?post=165083"}],"version-history":[{"count":1,"href":"https:\/\/www.caririemacao.com\/1\/wp-json\/wp\/v2\/posts\/165083\/revisions"}],"predecessor-version":[{"id":165085,"href":"https:\/\/www.caririemacao.com\/1\/wp-json\/wp\/v2\/posts\/165083\/revisions\/165085"}],"wp:featuredmedia":[{"embeddable":true,"href":"https:\/\/www.caririemacao.com\/1\/wp-json\/wp\/v2\/media\/165084"}],"wp:attachment":[{"href":"https:\/\/www.caririemacao.com\/1\/wp-json\/wp\/v2\/media?parent=165083"}],"wp:term":[{"taxonomy":"category","embeddable":true,"href":"https:\/\/www.caririemacao.com\/1\/wp-json\/wp\/v2\/categories?post=165083"},{"taxonomy":"post_tag","embeddable":true,"href":"https:\/\/www.caririemacao.com\/1\/wp-json\/wp\/v2\/tags?post=165083"}],"curies":[{"name":"wp","href":"https:\/\/api.w.org\/{rel}","templated":true}]}}