{"id":165089,"date":"2020-04-21T07:47:54","date_gmt":"2020-04-21T10:47:54","guid":{"rendered":"http:\/\/www.caririemacao.com\/1\/?p=165089"},"modified":"2020-04-21T07:47:55","modified_gmt":"2020-04-21T10:47:55","slug":"juiz-de-serra-branca-destina-r-80-mil-de-prestacoes-pecuniarias-para-combate-a-covid-19","status":"publish","type":"post","link":"https:\/\/www.caririemacao.com\/1\/2020\/04\/21\/juiz-de-serra-branca-destina-r-80-mil-de-prestacoes-pecuniarias-para-combate-a-covid-19\/","title":{"rendered":"Juiz de Serra Branca destina R$ 80 mil de presta\u00e7\u00f5es pecuni\u00e1rias para combate \u00e0 Covid-19"},"content":{"rendered":"\n<p>O juiz Jos\u00e9 Irlando Sobreira Machado, da Vara \u00danica da Comarca de Serra Branca, destinou recursos decorrentes de pena de presta\u00e7\u00e3o pecuni\u00e1ria e transa\u00e7\u00e3o penal para o combate da Covid-19 no Munic\u00edpio de Serra Branca. De acordo com o ato, ser\u00e3o expedidos tr\u00eas alvar\u00e1s a serem entregues ao diretor de cada unidade de sa\u00fade ou entidade beneficiada.<\/p>\n\n\n\n<p>O hospital geral de Serra Branca receber\u00e1 a import\u00e2ncia de R$ 60 mil. J\u00e1 a secretaria Municipal de Sa\u00fade ser\u00e1 contemplada com a quantia de R$ 15 mil, sendo R$ 5 mil para a Coordenadoria dos Agentes de Sa\u00fade, R$ 5 mil para a Coordenadoria dos Agentes de Endemias e R$ 5 mil para a Coordenadoria do Samu.<\/p>\n\n\n\n<p>O terceiro alvar\u00e1, no valor de R$ 5 mil, ter\u00e1 como benefici\u00e1rio a Sociedade de S\u00e3o Vicente de Paulo Imaculada Concei\u00e7\u00e3o de Serra Branca \u2013 Abrigo S\u00e3o Vicente, o qual abriga 33 institucionalizados, sendo 28 idosos e 5 adultos especiais.<\/p>\n\n\n\n<p>O ato, assinado pelo juiz Jos\u00e9 Irlando, disp\u00f5e que os valores dever\u00e3o ser utilizados, exclusivamente, para a aquisi\u00e7\u00e3o de EPIs, outros insumos e medicamentos necess\u00e1rios ao combate do novo coronav\u00edrus (Covid-19), para medidas preventivas e tratamento de enfermos, obedecendo, estritamente, todas as determina\u00e7\u00f5es elencadas no Ato Conjunto n\u00ba 005\/2020, editado pelo presidente do Tribunal de Justi\u00e7a do Estado da Para\u00edba e pelo corregedor-geral da Justi\u00e7a, o qual trata acerca da destina\u00e7\u00e3o de pena de presta\u00e7\u00e3o pecuni\u00e1ria, transa\u00e7\u00e3o penal e suspens\u00e3o condicional do processo nas a\u00e7\u00f5es criminais para o enfrentamento da pandemia decorrente do novo coronav\u00edrus (Covid-19).<\/p>\n","protected":false},"excerpt":{"rendered":"<p>O juiz Jos\u00e9 Irlando Sobreira Machado, da Vara \u00danica da Comarca de Serra Branca, destinou recursos decorrentes de pena de presta\u00e7\u00e3o pecuni\u00e1ria e transa\u00e7\u00e3o penal&hellip; <\/p>\n","protected":false},"author":2,"featured_media":165090,"comment_status":"closed","ping_status":"closed","sticky":false,"template":"","format":"standard","meta":{"sfsi_plus_gutenberg_text_before_share":"","sfsi_plus_gutenberg_show_text_before_share":"","sfsi_plus_gutenberg_icon_type":"","sfsi_plus_gutenberg_icon_alignemt":"","sfsi_plus_gutenburg_max_per_row":"","footnotes":""},"categories":[2],"tags":[],"class_list":["post-165089","post","type-post","status-publish","format-standard","has-post-thumbnail","hentry","category-geral"],"_links":{"self":[{"href":"https:\/\/www.caririemacao.com\/1\/wp-json\/wp\/v2\/posts\/165089","targetHints":{"allow":["GET"]}}],"collection":[{"href":"https:\/\/www.caririemacao.com\/1\/wp-json\/wp\/v2\/posts"}],"about":[{"href":"https:\/\/www.caririemacao.com\/1\/wp-json\/wp\/v2\/types\/post"}],"author":[{"embeddable":true,"href":"https:\/\/www.caririemacao.com\/1\/wp-json\/wp\/v2\/users\/2"}],"replies":[{"embeddable":true,"href":"https:\/\/www.caririemacao.com\/1\/wp-json\/wp\/v2\/comments?post=165089"}],"version-history":[{"count":1,"href":"https:\/\/www.caririemacao.com\/1\/wp-json\/wp\/v2\/posts\/165089\/revisions"}],"predecessor-version":[{"id":165091,"href":"https:\/\/www.caririemacao.com\/1\/wp-json\/wp\/v2\/posts\/165089\/revisions\/165091"}],"wp:featuredmedia":[{"embeddable":true,"href":"https:\/\/www.caririemacao.com\/1\/wp-json\/wp\/v2\/media\/165090"}],"wp:attachment":[{"href":"https:\/\/www.caririemacao.com\/1\/wp-json\/wp\/v2\/media?parent=165089"}],"wp:term":[{"taxonomy":"category","embeddable":true,"href":"https:\/\/www.caririemacao.com\/1\/wp-json\/wp\/v2\/categories?post=165089"},{"taxonomy":"post_tag","embeddable":true,"href":"https:\/\/www.caririemacao.com\/1\/wp-json\/wp\/v2\/tags?post=165089"}],"curies":[{"name":"wp","href":"https:\/\/api.w.org\/{rel}","templated":true}]}}