{"id":165109,"date":"2020-04-21T08:00:56","date_gmt":"2020-04-21T11:00:56","guid":{"rendered":"http:\/\/www.caririemacao.com\/1\/?p=165109"},"modified":"2020-04-21T08:00:59","modified_gmt":"2020-04-21T11:00:59","slug":"justica-federal-suspende-parcelas-de-consignados-de-aposentados-por-4-meses","status":"publish","type":"post","link":"https:\/\/www.caririemacao.com\/1\/2020\/04\/21\/justica-federal-suspende-parcelas-de-consignados-de-aposentados-por-4-meses\/","title":{"rendered":"Justi\u00e7a Federal suspende parcelas de consignados de aposentados por 4 meses"},"content":{"rendered":"\n<figure class=\"wp-block-image\"><img decoding=\"async\" data-src=\"http:\/\/www.blogdobrunolira.com.br\/wp-content\/uploads\/2020\/04\/images-2020-04-20T225239.825-678x414.jpeg\" alt=\"\" src=\"data:image\/svg+xml;base64,PHN2ZyB3aWR0aD0iMSIgaGVpZ2h0PSIxIiB4bWxucz0iaHR0cDovL3d3dy53My5vcmcvMjAwMC9zdmciPjwvc3ZnPg==\" class=\"lazyload\" style=\"--smush-placeholder-width: 678px; --smush-placeholder-aspect-ratio: 678\/414;\" \/><\/figure>\n\n\n\n<p>A Justi\u00e7a Federal de Bras\u00edlia decidiu nesta segunda-feira obrigar os bancos a suspender cobran\u00e7a de cr\u00e9dito consignado de aposentados pelo INSS ou regime pr\u00f3prio pelo per\u00edodo de 4 meses. Segundo a decis\u00e3o, com a medida, aposentados ter\u00e3o mais recursos para se tratar, caso contraiam a covid-19, a doen\u00e7a causada pelo novo coronav\u00edrus.<\/p>\n\n\n\n<p>\u201cA suspens\u00e3o das parcelas dos empr\u00e9stimos consignados concedidos a aposentados, pelo per\u00edodo de 4 meses, \u00e9 medida necess\u00e1ria para garantir que os idosos, atingidos em maior n\u00famero por consequ\u00eancias fatais do [v\u00edrus] SARS-CoV-2, possam arcar com o custeio do tratamento m\u00e9dico necess\u00e1rio\u201d, disse o juiz Renato Coelho Borelli, da 9\u00aa Vara Federal C\u00edvel de Bras\u00edlia, respons\u00e1vel pela decis\u00e3o.<\/p>\n\n\n\n<p>\u201cO que, a longo prazo, pode impedir que esses idosos saiam de suas casas para ir a hospitais ou postos de sa\u00fade, onde normalmente t\u00eam acesso a m\u00e9dicos e medicamentos, pois com mais recursos podem receber tratamento m\u00e9dico em suas resid\u00eancias\u201d, refor\u00e7ou.<\/p>\n\n\n\n<p>Na mesma decis\u00e3o, tomada em uma a\u00e7\u00e3o popular, de autoria do advogado Marcio Mello Casado, a Justi\u00e7a tamb\u00e9m proibiu que institui\u00e7\u00f5es financeiras distribuam lucros e dividendos a acionistas, diretores e membros de conselho acima do m\u00ednimo previsto em legisla\u00e7\u00e3o, que \u00e9 de 25%.<\/p>\n","protected":false},"excerpt":{"rendered":"<p>A Justi\u00e7a Federal de Bras\u00edlia decidiu nesta segunda-feira obrigar os bancos a suspender cobran\u00e7a de cr\u00e9dito consignado de aposentados pelo INSS ou regime pr\u00f3prio pelo&hellip; <\/p>\n","protected":false},"author":2,"featured_media":165110,"comment_status":"closed","ping_status":"closed","sticky":false,"template":"","format":"standard","meta":{"sfsi_plus_gutenberg_text_before_share":"","sfsi_plus_gutenberg_show_text_before_share":"","sfsi_plus_gutenberg_icon_type":"","sfsi_plus_gutenberg_icon_alignemt":"","sfsi_plus_gutenburg_max_per_row":"","footnotes":""},"categories":[2],"tags":[],"class_list":["post-165109","post","type-post","status-publish","format-standard","has-post-thumbnail","hentry","category-geral"],"_links":{"self":[{"href":"https:\/\/www.caririemacao.com\/1\/wp-json\/wp\/v2\/posts\/165109","targetHints":{"allow":["GET"]}}],"collection":[{"href":"https:\/\/www.caririemacao.com\/1\/wp-json\/wp\/v2\/posts"}],"about":[{"href":"https:\/\/www.caririemacao.com\/1\/wp-json\/wp\/v2\/types\/post"}],"author":[{"embeddable":true,"href":"https:\/\/www.caririemacao.com\/1\/wp-json\/wp\/v2\/users\/2"}],"replies":[{"embeddable":true,"href":"https:\/\/www.caririemacao.com\/1\/wp-json\/wp\/v2\/comments?post=165109"}],"version-history":[{"count":1,"href":"https:\/\/www.caririemacao.com\/1\/wp-json\/wp\/v2\/posts\/165109\/revisions"}],"predecessor-version":[{"id":165111,"href":"https:\/\/www.caririemacao.com\/1\/wp-json\/wp\/v2\/posts\/165109\/revisions\/165111"}],"wp:featuredmedia":[{"embeddable":true,"href":"https:\/\/www.caririemacao.com\/1\/wp-json\/wp\/v2\/media\/165110"}],"wp:attachment":[{"href":"https:\/\/www.caririemacao.com\/1\/wp-json\/wp\/v2\/media?parent=165109"}],"wp:term":[{"taxonomy":"category","embeddable":true,"href":"https:\/\/www.caririemacao.com\/1\/wp-json\/wp\/v2\/categories?post=165109"},{"taxonomy":"post_tag","embeddable":true,"href":"https:\/\/www.caririemacao.com\/1\/wp-json\/wp\/v2\/tags?post=165109"}],"curies":[{"name":"wp","href":"https:\/\/api.w.org\/{rel}","templated":true}]}}