{"id":165116,"date":"2020-04-21T09:43:12","date_gmt":"2020-04-21T12:43:12","guid":{"rendered":"http:\/\/www.caririemacao.com\/1\/?p=165116"},"modified":"2020-04-21T09:43:14","modified_gmt":"2020-04-21T12:43:14","slug":"prefeito-de-patos-proibe-velorios-e-limita-numero-da-familiares-nos-sepultamentos","status":"publish","type":"post","link":"https:\/\/www.caririemacao.com\/1\/2020\/04\/21\/prefeito-de-patos-proibe-velorios-e-limita-numero-da-familiares-nos-sepultamentos\/","title":{"rendered":"Prefeito de Patos pro\u00edbe vel\u00f3rios e limita n\u00famero da familiares nos sepultamentos"},"content":{"rendered":"\n<p>O Prefeito de Patos editou um decreto, nesta segunda-feira (20), restringindo a realiza\u00e7\u00e3o de vel\u00f3rios na cidade por causa da pandemia do novo coronav\u00edrus. Na cidade j\u00e1 h\u00e1 morte confirmada pela Covid-19 e o registro de oito pessoas infectadas pelo v\u00edrus.<\/p>\n\n\n\n<p>De acordo com a gest\u00e3o, nos casos de pessoas que morram em decorr\u00eancia do coronav\u00edrus, incluindo casos suspeitos, n\u00e3o ser\u00e1 permitida a realiza\u00e7\u00e3o de vel\u00f3rios. O sepultamento poder\u00e1 ser acompanhado por at\u00e9 cinco familiares que n\u00e3o tenham tido contato com a v\u00edtima e estejam assintom\u00e1ticos durante o per\u00edodo de 14 dias. Fica proibida a presen\u00e7a de idosos com mais de 60 anos e pessoas com doen\u00e7as cr\u00f4nicas e suspeitas de ter contra\u00eddo a Covid-19 nas cerim\u00f4nias f\u00fanebres.<ins><\/ins><\/p>\n\n\n\n<p>Em casos onde a morte n\u00e3o foi causada pelo v\u00edrus, os familiares poder\u00e3o realizar um vel\u00f3rio de at\u00e9 tr\u00eas horas com a presen\u00e7a de no m\u00e1ximo dez pessoas. N\u00e3o se deve ter contato com o corpo e tamb\u00e9m est\u00e1 proibida a presen\u00e7a de pessoas\u00a0com sintomas respirat\u00f3rios, observando a legisla\u00e7\u00e3o referente a quarentena e interna\u00e7\u00e3o compuls\u00f3ria no \u00e2mbito da Emerg\u00eancia em Sa\u00fade P\u00fablica de Import\u00e2ncia Nacional (ESPIN) pela COVID-19.<\/p>\n\n\n\n<p>Com Pol\u00edtica Parahyba<\/p>\n","protected":false},"excerpt":{"rendered":"<p>O Prefeito de Patos editou um decreto, nesta segunda-feira (20), restringindo a realiza\u00e7\u00e3o de vel\u00f3rios na cidade por causa da pandemia do novo coronav\u00edrus. Na&hellip; <\/p>\n","protected":false},"author":1,"featured_media":165117,"comment_status":"closed","ping_status":"closed","sticky":false,"template":"","format":"standard","meta":{"sfsi_plus_gutenberg_text_before_share":"","sfsi_plus_gutenberg_show_text_before_share":"","sfsi_plus_gutenberg_icon_type":"","sfsi_plus_gutenberg_icon_alignemt":"","sfsi_plus_gutenburg_max_per_row":"","footnotes":""},"categories":[6,50],"tags":[],"class_list":["post-165116","post","type-post","status-publish","format-standard","has-post-thumbnail","hentry","category-cidades","category-destaque"],"_links":{"self":[{"href":"https:\/\/www.caririemacao.com\/1\/wp-json\/wp\/v2\/posts\/165116","targetHints":{"allow":["GET"]}}],"collection":[{"href":"https:\/\/www.caririemacao.com\/1\/wp-json\/wp\/v2\/posts"}],"about":[{"href":"https:\/\/www.caririemacao.com\/1\/wp-json\/wp\/v2\/types\/post"}],"author":[{"embeddable":true,"href":"https:\/\/www.caririemacao.com\/1\/wp-json\/wp\/v2\/users\/1"}],"replies":[{"embeddable":true,"href":"https:\/\/www.caririemacao.com\/1\/wp-json\/wp\/v2\/comments?post=165116"}],"version-history":[{"count":1,"href":"https:\/\/www.caririemacao.com\/1\/wp-json\/wp\/v2\/posts\/165116\/revisions"}],"predecessor-version":[{"id":165118,"href":"https:\/\/www.caririemacao.com\/1\/wp-json\/wp\/v2\/posts\/165116\/revisions\/165118"}],"wp:featuredmedia":[{"embeddable":true,"href":"https:\/\/www.caririemacao.com\/1\/wp-json\/wp\/v2\/media\/165117"}],"wp:attachment":[{"href":"https:\/\/www.caririemacao.com\/1\/wp-json\/wp\/v2\/media?parent=165116"}],"wp:term":[{"taxonomy":"category","embeddable":true,"href":"https:\/\/www.caririemacao.com\/1\/wp-json\/wp\/v2\/categories?post=165116"},{"taxonomy":"post_tag","embeddable":true,"href":"https:\/\/www.caririemacao.com\/1\/wp-json\/wp\/v2\/tags?post=165116"}],"curies":[{"name":"wp","href":"https:\/\/api.w.org\/{rel}","templated":true}]}}