{"id":165119,"date":"2020-04-21T09:44:44","date_gmt":"2020-04-21T12:44:44","guid":{"rendered":"http:\/\/www.caririemacao.com\/1\/?p=165119"},"modified":"2020-04-21T09:44:45","modified_gmt":"2020-04-21T12:44:45","slug":"pmjp-autoriza-compra-antecipada-de-passagens-mas-sintur-diz-que-medida-nao-e-suficiente-para-o-setor","status":"publish","type":"post","link":"https:\/\/www.caririemacao.com\/1\/2020\/04\/21\/pmjp-autoriza-compra-antecipada-de-passagens-mas-sintur-diz-que-medida-nao-e-suficiente-para-o-setor\/","title":{"rendered":"PMJP autoriza compra antecipada de passagens, mas Sintur diz que medida n\u00e3o \u00e9 suficiente para o setor"},"content":{"rendered":"\n<p>O Sindicato das Empresas de Transporte Coletivo Urbano de Jo\u00e3o Pessoa, Sintur-JP, confirmou que a Prefeitura de Jo\u00e3o Pessoa, se comprometeu na sexta, 17, a realizar a compra antecipada de Vale Transporte de seus servidores e de recarga do Passe Legal dos estudantes do munic\u00edpio no valor equivalente ao per\u00edodo de dois meses. A iniciativa visa socorrer o setor do transporte p\u00fablico, que est\u00e1 em crise desde 2014 e teve sua situa\u00e7\u00e3o agravada por conta da pandemia do coronav\u00edrus.<\/p>\n\n\n\n<p>O acordo entre o Sintur-JP e a prefeitura da capital visa evitar demiss\u00f5es de funcion\u00e1rios do sistema de transporte coletivo, uma vez que a opera\u00e7\u00e3o do setor est\u00e1 suspensa desde o dia 21 de mar\u00e7o. O sindicato reconhece e agradece o apoio do poder p\u00fablico, mas ressalta que a medida n\u00e3o \u00e9 suficiente para solucionar os problemas que foram gerados por conta da quantidade de dias sem receita.<ins><\/ins><\/p>\n\n\n\n<p>\u201cNos \u00faltimos dias temos mergulhado em sucessivas reuni\u00f5es e estudos para tentar manter a estrutura do setor e os nossos colaboradores, mas o impacto abrupto da falta de receita tem nos levado a conclus\u00f5es desanimadas\u201d, relata Isaac J\u00fanior Moreira, diretor institucional do Sintur-JP.<\/p>\n\n\n\n<p>Com Pol\u00edtica Parahyba<\/p>\n","protected":false},"excerpt":{"rendered":"<p>O Sindicato das Empresas de Transporte Coletivo Urbano de Jo\u00e3o Pessoa, Sintur-JP, confirmou que a Prefeitura de Jo\u00e3o Pessoa, se comprometeu na sexta, 17, a&hellip; <\/p>\n","protected":false},"author":1,"featured_media":165120,"comment_status":"closed","ping_status":"closed","sticky":false,"template":"","format":"standard","meta":{"sfsi_plus_gutenberg_text_before_share":"","sfsi_plus_gutenberg_show_text_before_share":"","sfsi_plus_gutenberg_icon_type":"","sfsi_plus_gutenberg_icon_alignemt":"","sfsi_plus_gutenburg_max_per_row":"","footnotes":""},"categories":[2],"tags":[],"class_list":["post-165119","post","type-post","status-publish","format-standard","has-post-thumbnail","hentry","category-geral"],"_links":{"self":[{"href":"https:\/\/www.caririemacao.com\/1\/wp-json\/wp\/v2\/posts\/165119","targetHints":{"allow":["GET"]}}],"collection":[{"href":"https:\/\/www.caririemacao.com\/1\/wp-json\/wp\/v2\/posts"}],"about":[{"href":"https:\/\/www.caririemacao.com\/1\/wp-json\/wp\/v2\/types\/post"}],"author":[{"embeddable":true,"href":"https:\/\/www.caririemacao.com\/1\/wp-json\/wp\/v2\/users\/1"}],"replies":[{"embeddable":true,"href":"https:\/\/www.caririemacao.com\/1\/wp-json\/wp\/v2\/comments?post=165119"}],"version-history":[{"count":1,"href":"https:\/\/www.caririemacao.com\/1\/wp-json\/wp\/v2\/posts\/165119\/revisions"}],"predecessor-version":[{"id":165121,"href":"https:\/\/www.caririemacao.com\/1\/wp-json\/wp\/v2\/posts\/165119\/revisions\/165121"}],"wp:featuredmedia":[{"embeddable":true,"href":"https:\/\/www.caririemacao.com\/1\/wp-json\/wp\/v2\/media\/165120"}],"wp:attachment":[{"href":"https:\/\/www.caririemacao.com\/1\/wp-json\/wp\/v2\/media?parent=165119"}],"wp:term":[{"taxonomy":"category","embeddable":true,"href":"https:\/\/www.caririemacao.com\/1\/wp-json\/wp\/v2\/categories?post=165119"},{"taxonomy":"post_tag","embeddable":true,"href":"https:\/\/www.caririemacao.com\/1\/wp-json\/wp\/v2\/tags?post=165119"}],"curies":[{"name":"wp","href":"https:\/\/api.w.org\/{rel}","templated":true}]}}