{"id":165127,"date":"2020-04-21T10:00:20","date_gmt":"2020-04-21T13:00:20","guid":{"rendered":"http:\/\/www.caririemacao.com\/1\/?p=165127"},"modified":"2020-04-21T10:00:22","modified_gmt":"2020-04-21T13:00:22","slug":"em-carta-governadores-de-20-estados-manisfestam-apoio-a-maia-e-alcolumbre","status":"publish","type":"post","link":"https:\/\/www.caririemacao.com\/1\/2020\/04\/21\/em-carta-governadores-de-20-estados-manisfestam-apoio-a-maia-e-alcolumbre\/","title":{"rendered":"Em carta, governadores de 20 estados manisfestam apoio a Maia e Alcolumbre"},"content":{"rendered":"\n<p>Governadores contestam cr\u00edticas de Jair Bolsonaro e dizem considerar &#8216;fundamental superar eventuais diferen\u00e7as atrav\u00e9s do esfor\u00e7o do di\u00e1logo democr\u00e1tico e desprovido de vaidades&#8217;. Em uma carta aberta, governadores de 20 estados manifestaram apoio \u00e0 atua\u00e7\u00e3o do presidente do Senado, Davi Alcolumbre (DEM-AP), e do presidente da C\u00e2mara dos Deputados, Rodrigo Maia (DEM-RJ), para atender as necessidades dos estados em meio \u00e0 crise do coronav\u00edrus. O documento, com data de s\u00e1bado (18), foi divulgado neste domingo (19).Nas \u00faltimas semanas, o Congresso Nacional tem debatido medidas para mitigar os efeitos econ\u00f4micos da crise gerada pela pandemia, como a perda de arrecada\u00e7\u00e3o de impostos pelos estados diante do fechamento do com\u00e9rcio e das empresas em v\u00e1rias localidades.<\/p>\n\n\n\n<p>O presidente Jair Bolsonaro e sua equipe econ\u00f4mica, por\u00e9m, t\u00eam feito cr\u00edticas \u00e0 proposta. Na semana passada, Bolsonaro acusou o presidente da C\u00e2mara de estar conduzindo &#8220;o Brasil para o caos&#8221;.Em um dos trechos da carta, os governadores dizem que, &#8220;nesse momento em que o mundo vive uma das suas maiores crises, temos testemunhado o empenho com que os presidentes do Senado e da C\u00e2mara t\u00eam se conduzido, dedicando especial aten\u00e7\u00e3o \u00e0s necessidades dos estados, do Distrito Federal e dos munic\u00edpios brasileiros&#8221;.No documento, eles contestam as declara\u00e7\u00f5es do presidente e ressaltam que consideram &#8220;fundamental superar nossas eventuais diferen\u00e7as atrav\u00e9s do esfor\u00e7o do di\u00e1logo democr\u00e1tico e desprovido de vaidades&#8221;.Bolsonaro tamb\u00e9m tem criticado governadores que adotaram medidas de restri\u00e7\u00e3o de movimenta\u00e7\u00e3o de pessoas, entre eles o de S\u00e3o Paulo, Jo\u00e3o Doria, e o do Rio de Janeiro, Wilson Witzel.<\/p>\n\n\n\n<p>Os governadores, por sua vez, afirmam que n\u00e3o julgam &#8220;haver conflitos inconcili\u00e1veis entre a salvaguarda da sa\u00fade da popula\u00e7\u00e3o e a prote\u00e7\u00e3o da economia nacional&#8221;, mas ponderam &#8220;que os momentos para agir mais diretamente em defesa de uma e de outra possam ser distintos&#8221;.De acordo com o documento, a &#8220;sa\u00fade e a vida do povo brasileiro devem estar muito acima de interesses pol\u00edticos, em especial nesse momento de crise&#8221;.Medidas econ\u00f4micasUma das medidas econ\u00f4micas j\u00e1 aprovadas pela C\u00e2mara, mas que ainda aguarda an\u00e1lise do Senado, obriga o governo federal a compensar os estados e munic\u00edpios nos pr\u00f3ximos meses.Bolsonaro chegou a editar uma medida provis\u00f3ria para concentrar o poder de aplicar medidas de restri\u00e7\u00e3o durante a pandemia. Entretanto, o Supremo Tribunal Federal (STF) decidiu que os estados tamb\u00e9m t\u00eam poder para aplicar regras de isolamento.<\/p>\n\n\n\n<p>A carta \u00e9 assinada pelos seguintes governadores:Renan Filho (MDB), de Alagoas;Waldez G\u00f3es (PDT), do Amap\u00e1;Rui Costa (PT), da Bahia;Camilo Santana (PT), do Cear\u00e1;Renato Casagrande (PSB), do Esp\u00edrito Santo;Ronaldo Caiado (DEM), de Goi\u00e1s;Fl\u00e1vio Dino (PCdoB), do Maranh\u00e3o;Mauro Mendes (DEM), do Mato Grosso;Reinaldo Azambuja (PSDB), do Mato Grosso do Sul;Helder Barbalho (MDB), do Par\u00e1;Jo\u00e3o Azev\u00eado (Cidadania), da Para\u00edba;Paulo C\u00e2mara (PSB), de Pernambuco;Wellington Dias (PT), do Piau\u00ed.Wilson Witzel (PSC), do Rio de Janeiro;F\u00e1tima Bezerra (PT), do Rio Grande do Norte;Eduardo Leite (PSDB), do Rio Grande do Sul;Carlos Mois\u00e9s (PSL), de Santa Catarina;Jo\u00e3o Doria (PSDB), de S\u00e3o Paulo;Belivaldo Chagas (PSD), de Sergipe;Mauro Carlesse (DEM), do Tocantins.<\/p>\n\n\n\n<p>Na carta, os governadores destacam ainda que as suas a\u00e7\u00f5es t\u00eam sido pautadas &#8220;pelos indicativos da ci\u00eancia, por orienta\u00e7\u00f5es de profissionais da sa\u00fade e pela experi\u00eancia de pa\u00edses que j\u00e1 enfrentaram etapas mais duras da pandemia, buscando, neste caso, evitar escolhas malsucedidas e seguir as exitosas&#8221;.<\/p>\n\n\n\n<p><strong>Fonte: G1<\/strong><\/p>\n","protected":false},"excerpt":{"rendered":"<p>Governadores contestam cr\u00edticas de Jair Bolsonaro e dizem considerar &#8216;fundamental superar eventuais diferen\u00e7as atrav\u00e9s do esfor\u00e7o do di\u00e1logo democr\u00e1tico e desprovido de vaidades&#8217;. Em uma&hellip; <\/p>\n","protected":false},"author":1,"featured_media":165128,"comment_status":"closed","ping_status":"closed","sticky":false,"template":"","format":"standard","meta":{"sfsi_plus_gutenberg_text_before_share":"","sfsi_plus_gutenberg_show_text_before_share":"","sfsi_plus_gutenberg_icon_type":"","sfsi_plus_gutenberg_icon_alignemt":"","sfsi_plus_gutenburg_max_per_row":"","footnotes":""},"categories":[50],"tags":[],"class_list":["post-165127","post","type-post","status-publish","format-standard","has-post-thumbnail","hentry","category-destaque"],"_links":{"self":[{"href":"https:\/\/www.caririemacao.com\/1\/wp-json\/wp\/v2\/posts\/165127","targetHints":{"allow":["GET"]}}],"collection":[{"href":"https:\/\/www.caririemacao.com\/1\/wp-json\/wp\/v2\/posts"}],"about":[{"href":"https:\/\/www.caririemacao.com\/1\/wp-json\/wp\/v2\/types\/post"}],"author":[{"embeddable":true,"href":"https:\/\/www.caririemacao.com\/1\/wp-json\/wp\/v2\/users\/1"}],"replies":[{"embeddable":true,"href":"https:\/\/www.caririemacao.com\/1\/wp-json\/wp\/v2\/comments?post=165127"}],"version-history":[{"count":1,"href":"https:\/\/www.caririemacao.com\/1\/wp-json\/wp\/v2\/posts\/165127\/revisions"}],"predecessor-version":[{"id":165129,"href":"https:\/\/www.caririemacao.com\/1\/wp-json\/wp\/v2\/posts\/165127\/revisions\/165129"}],"wp:featuredmedia":[{"embeddable":true,"href":"https:\/\/www.caririemacao.com\/1\/wp-json\/wp\/v2\/media\/165128"}],"wp:attachment":[{"href":"https:\/\/www.caririemacao.com\/1\/wp-json\/wp\/v2\/media?parent=165127"}],"wp:term":[{"taxonomy":"category","embeddable":true,"href":"https:\/\/www.caririemacao.com\/1\/wp-json\/wp\/v2\/categories?post=165127"},{"taxonomy":"post_tag","embeddable":true,"href":"https:\/\/www.caririemacao.com\/1\/wp-json\/wp\/v2\/tags?post=165127"}],"curies":[{"name":"wp","href":"https:\/\/api.w.org\/{rel}","templated":true}]}}