{"id":165130,"date":"2020-04-21T10:02:05","date_gmt":"2020-04-21T13:02:05","guid":{"rendered":"http:\/\/www.caririemacao.com\/1\/?p=165130"},"modified":"2020-04-21T10:02:06","modified_gmt":"2020-04-21T13:02:06","slug":"prefeitura-de-campina-inicia-distribuicao-de-500-mil-mascaras","status":"publish","type":"post","link":"https:\/\/www.caririemacao.com\/1\/2020\/04\/21\/prefeitura-de-campina-inicia-distribuicao-de-500-mil-mascaras\/","title":{"rendered":"Prefeitura de Campina inicia distribui\u00e7\u00e3o de 500 mil m\u00e1scaras"},"content":{"rendered":"\n<p><strong>CAMPINA GRANDE<\/strong>&nbsp;\u2013 A Prefeitura iniciou a distribui\u00e7\u00e3o de 500 mil m\u00e1scaras, &nbsp;iniciativa que integra&nbsp; as estrat\u00e9gias de enfrentamento ao Coronav\u00edrus.<\/p>\n\n\n\n<p>Coordenada pelo prefeito, Romero Rodrigues (PSD), o primeiro dia da a\u00e7\u00e3o ocorreu na sexta-feira (17) e, neste s\u00e1bado (18), o trabalho continuou com a equipe do Governo Municipal na feira central e ruas adjacentes.<\/p>\n\n\n\n<p>\u201cNosso objetivo \u00e9 levar informa\u00e7\u00e3o e meios de prote\u00e7\u00e3o para os moradores da cidade. Estamos lutando todos os dias para garantir que o coronav\u00edrus n\u00e3o se espalhe e para salvar vidas. S\u00f3 neste s\u00e1bado distribu\u00edmos 5 mil m\u00e1scaras\u201d, disse o secret\u00e1rio de planejamento, Tovar Correia Lima.<\/p>\n\n\n\n<figure class=\"wp-block-image\"><img decoding=\"async\" data-src=\"https:\/\/www.helenolima.com\/wp-content\/uploads\/2020\/04\/b-22-300x197.jpg\" alt=\"\" class=\"wp-image-8105 lazyload\" src=\"data:image\/svg+xml;base64,PHN2ZyB3aWR0aD0iMSIgaGVpZ2h0PSIxIiB4bWxucz0iaHR0cDovL3d3dy53My5vcmcvMjAwMC9zdmciPjwvc3ZnPg==\" style=\"--smush-placeholder-width: 300px; --smush-placeholder-aspect-ratio: 300\/197;\" \/><figcaption><strong>No s\u00e1bado, o trabalho de distirbui\u00e7\u00e3o das m\u00e1scaras \u00e0 popula\u00e7\u00e3o, ocorreu na feira central e ruas adjacentes<\/strong><\/figcaption><\/figure>\n\n\n\n<p>Entre as a\u00e7\u00f5es de combate a pandemia, est\u00e3o, distribui\u00e7\u00e3o de m\u00e1scaras, higieniza\u00e7\u00e3o de pessoas com \u00e1lcool em gel, distribui\u00e7\u00e3o de panfletos com informa\u00e7\u00f5es sobre medidas de preven\u00e7\u00e3o ao Coronav\u00edrus, al\u00e9m da higieniza\u00e7\u00e3o de \u00e1reas de grande circula\u00e7\u00e3o de pessoas (paradas de \u00f4nibus, feiras, terminal de integra\u00e7\u00e3o, bancos).<\/p>\n\n\n\n<p>A for\u00e7a tarefa atua em diversas frentes por meio das secretarias de planejamento; sa\u00fade; assist\u00eancia social; desenvolvimento econ\u00f4mico, servi\u00e7os urbanos e meio ambiente; Superintend\u00eancia de Tr\u00e2nsito e Transportes P\u00fablicos; Guarda Municipal; e Procon.<\/p>\n\n\n\n<p>Com Heleno Lima<\/p>\n","protected":false},"excerpt":{"rendered":"<p>CAMPINA GRANDE&nbsp;\u2013 A Prefeitura iniciou a distribui\u00e7\u00e3o de 500 mil m\u00e1scaras, &nbsp;iniciativa que integra&nbsp; as estrat\u00e9gias de enfrentamento ao Coronav\u00edrus. Coordenada pelo prefeito, Romero Rodrigues&hellip; <\/p>\n","protected":false},"author":1,"featured_media":165131,"comment_status":"closed","ping_status":"closed","sticky":false,"template":"","format":"standard","meta":{"sfsi_plus_gutenberg_text_before_share":"","sfsi_plus_gutenberg_show_text_before_share":"","sfsi_plus_gutenberg_icon_type":"","sfsi_plus_gutenberg_icon_alignemt":"","sfsi_plus_gutenburg_max_per_row":"","footnotes":""},"categories":[6,50],"tags":[],"class_list":["post-165130","post","type-post","status-publish","format-standard","has-post-thumbnail","hentry","category-cidades","category-destaque"],"_links":{"self":[{"href":"https:\/\/www.caririemacao.com\/1\/wp-json\/wp\/v2\/posts\/165130","targetHints":{"allow":["GET"]}}],"collection":[{"href":"https:\/\/www.caririemacao.com\/1\/wp-json\/wp\/v2\/posts"}],"about":[{"href":"https:\/\/www.caririemacao.com\/1\/wp-json\/wp\/v2\/types\/post"}],"author":[{"embeddable":true,"href":"https:\/\/www.caririemacao.com\/1\/wp-json\/wp\/v2\/users\/1"}],"replies":[{"embeddable":true,"href":"https:\/\/www.caririemacao.com\/1\/wp-json\/wp\/v2\/comments?post=165130"}],"version-history":[{"count":1,"href":"https:\/\/www.caririemacao.com\/1\/wp-json\/wp\/v2\/posts\/165130\/revisions"}],"predecessor-version":[{"id":165132,"href":"https:\/\/www.caririemacao.com\/1\/wp-json\/wp\/v2\/posts\/165130\/revisions\/165132"}],"wp:featuredmedia":[{"embeddable":true,"href":"https:\/\/www.caririemacao.com\/1\/wp-json\/wp\/v2\/media\/165131"}],"wp:attachment":[{"href":"https:\/\/www.caririemacao.com\/1\/wp-json\/wp\/v2\/media?parent=165130"}],"wp:term":[{"taxonomy":"category","embeddable":true,"href":"https:\/\/www.caririemacao.com\/1\/wp-json\/wp\/v2\/categories?post=165130"},{"taxonomy":"post_tag","embeddable":true,"href":"https:\/\/www.caririemacao.com\/1\/wp-json\/wp\/v2\/tags?post=165130"}],"curies":[{"name":"wp","href":"https:\/\/api.w.org\/{rel}","templated":true}]}}