{"id":165136,"date":"2020-04-21T10:22:23","date_gmt":"2020-04-21T13:22:23","guid":{"rendered":"http:\/\/www.caririemacao.com\/1\/?p=165136"},"modified":"2020-04-21T10:22:24","modified_gmt":"2020-04-21T13:22:24","slug":"prefeita-vai-a-festa-de-aniversario-desrespeitando-seus-proprios-decretos","status":"publish","type":"post","link":"https:\/\/www.caririemacao.com\/1\/2020\/04\/21\/prefeita-vai-a-festa-de-aniversario-desrespeitando-seus-proprios-decretos\/","title":{"rendered":"Prefeita vai a festa de anivers\u00e1rio desrespeitando seus pr\u00f3prios decretos"},"content":{"rendered":"\n<p><strong>S\u00c3O VICENTE DO SERID\u00d3 \u2013<\/strong>&nbsp;Apesar de ter baixado um decreto com o intuito de prevenir e combater a pandemia de Coronav\u00edrus, proibindo, inclusive a participa\u00e7\u00e3o de populares em vel\u00f3rios, restringindo-os apenas aos familiares pr\u00f3ximos, como forma de se evitar aglomera\u00e7\u00f5es de pessoas, a prefeita, Graciete Dantas, participou neste s\u00e1bado (18) a noite do anivers\u00e1rio de um filho do seu secret\u00e1rio de finan\u00e7as, Rog\u00e9rio Lima dos Santos, ao lado de v\u00e1rias pessoas e, sem prote\u00e7\u00e3o alguma, posou para fotografias.<\/p>\n\n\n\n<p>Al\u00e9m da alcadesa, havia na festa de anivers\u00e1rio do filho do secret\u00e1rio, a participa\u00e7\u00e3o de v\u00e1rias funcion\u00e1rias da Prefeitura, como diretoras de escolas e de outros \u00f3rg\u00e3os Municipal.<\/p>\n\n\n\n<p>Ou seja Graciete n\u00e3o apenas quebrou o seu pr\u00f3prio decreto, como ainda incentivou os funcion\u00e1rios a burlar as regras de preven\u00e7\u00e3o e combate a Covid-19 e promoverem aglomera\u00e7\u00e3o de pessoas.<\/p>\n\n\n\n<p><strong>Da reda\u00e7\u00e3o<\/strong><\/p>\n","protected":false},"excerpt":{"rendered":"<p>S\u00c3O VICENTE DO SERID\u00d3 \u2013&nbsp;Apesar de ter baixado um decreto com o intuito de prevenir e combater a pandemia de Coronav\u00edrus, proibindo, inclusive a participa\u00e7\u00e3o&hellip; <\/p>\n","protected":false},"author":1,"featured_media":165137,"comment_status":"closed","ping_status":"closed","sticky":false,"template":"","format":"standard","meta":{"sfsi_plus_gutenberg_text_before_share":"","sfsi_plus_gutenberg_show_text_before_share":"","sfsi_plus_gutenberg_icon_type":"","sfsi_plus_gutenberg_icon_alignemt":"","sfsi_plus_gutenburg_max_per_row":"","footnotes":""},"categories":[6],"tags":[],"class_list":["post-165136","post","type-post","status-publish","format-standard","has-post-thumbnail","hentry","category-cidades"],"_links":{"self":[{"href":"https:\/\/www.caririemacao.com\/1\/wp-json\/wp\/v2\/posts\/165136","targetHints":{"allow":["GET"]}}],"collection":[{"href":"https:\/\/www.caririemacao.com\/1\/wp-json\/wp\/v2\/posts"}],"about":[{"href":"https:\/\/www.caririemacao.com\/1\/wp-json\/wp\/v2\/types\/post"}],"author":[{"embeddable":true,"href":"https:\/\/www.caririemacao.com\/1\/wp-json\/wp\/v2\/users\/1"}],"replies":[{"embeddable":true,"href":"https:\/\/www.caririemacao.com\/1\/wp-json\/wp\/v2\/comments?post=165136"}],"version-history":[{"count":1,"href":"https:\/\/www.caririemacao.com\/1\/wp-json\/wp\/v2\/posts\/165136\/revisions"}],"predecessor-version":[{"id":165138,"href":"https:\/\/www.caririemacao.com\/1\/wp-json\/wp\/v2\/posts\/165136\/revisions\/165138"}],"wp:featuredmedia":[{"embeddable":true,"href":"https:\/\/www.caririemacao.com\/1\/wp-json\/wp\/v2\/media\/165137"}],"wp:attachment":[{"href":"https:\/\/www.caririemacao.com\/1\/wp-json\/wp\/v2\/media?parent=165136"}],"wp:term":[{"taxonomy":"category","embeddable":true,"href":"https:\/\/www.caririemacao.com\/1\/wp-json\/wp\/v2\/categories?post=165136"},{"taxonomy":"post_tag","embeddable":true,"href":"https:\/\/www.caririemacao.com\/1\/wp-json\/wp\/v2\/tags?post=165136"}],"curies":[{"name":"wp","href":"https:\/\/api.w.org\/{rel}","templated":true}]}}