{"id":165139,"date":"2020-04-21T10:25:59","date_gmt":"2020-04-21T13:25:59","guid":{"rendered":"http:\/\/www.caririemacao.com\/1\/?p=165139"},"modified":"2020-04-21T10:26:00","modified_gmt":"2020-04-21T13:26:00","slug":"sete-jovens-que-furaram-quarentena-para-ir-a-festa-morrem-em-acidente","status":"publish","type":"post","link":"https:\/\/www.caririemacao.com\/1\/2020\/04\/21\/sete-jovens-que-furaram-quarentena-para-ir-a-festa-morrem-em-acidente\/","title":{"rendered":"Sete jovens que furaram quarentena para ir a festa morrem em acidente"},"content":{"rendered":"\n<p>Sete jovens, entre eles duas adolescentes, morreram em acidente de tr\u00e2nsito quando voltavam de uma festa, na manh\u00e3 deste domingo, 19, em Sert\u00e3ozinho, no interior de S\u00e3o Paulo. O evento foi realizado em uma ch\u00e1cara, contrariando as lei estadual e municipal da quarentena, que pro\u00edbem eventos e aglomera\u00e7\u00f5es.<\/p>\n\n\n\n<p><br>O acidente aconteceu na rodovia vicinal Alc\u00eddio Balbo, no distrito de Cruz das Posses. O carro em que todas as v\u00edtimas estavam se perdeu em uma curva e bateu de frente em um \u00f4nibus de transporte de trabalhadores rurais que seguia para uma fazenda da regi\u00e3o.<\/p>\n\n\n\n<p><br>O Corpo de Bombeiros mobilizou v\u00e1rias equipes de socorro, mas as v\u00edtimas foram retiradas do autom\u00f3vel j\u00e1 sem vida. Os corpos foram levados para o Instituto M\u00e9dico Legal (IML) de Ribeir\u00e3o Preto.<br>O motorista do \u00f4nibus, que estava sozinho no coletivo, nada sofreu. Ele disse \u00e0 Pol\u00edcia Civil que o carro estava correndo demais e n\u00e3o conseguiu completar a curva, vindo a colidir frontalmente com o \u00f4nibus. O autom\u00f3vel estava com excesso de ocupantes.<\/p>\n\n\n\n<p> As sete v\u00edtimas tinham entre 15 e 30 anos e todas moravam em Sert\u00e3ozinho.<br>O delegado de Sert\u00e3ozinho, Rodrigo Bortoletto, disse que os organizadores da festa v\u00e3o responder a processo por terem infringido as leis da quarentena, que pro\u00edbem eventos com aglomera\u00e7\u00e3o de pessoas. A pol\u00edcia j\u00e1 apurou que a festa aconteceu em uma ch\u00e1cara, no bairro Colina de S\u00e3o Pedro.<\/p>\n\n\n\n<p><br>Os organizadores tamb\u00e9m ser\u00e3o processados pela venda de bebidas alco\u00f3licas a menores. A prefeitura de Sert\u00e3ozinho informou que a festa foi realizada de forma clandestina e que tamb\u00e9m adotar\u00e1 provid\u00eancias administrativas contra os respons\u00e1veis. <\/p>\n\n\n\n<p>Com informa\u00e7\u00f5es do G1.<\/p>\n","protected":false},"excerpt":{"rendered":"<p>Sete jovens, entre eles duas adolescentes, morreram em acidente de tr\u00e2nsito quando voltavam de uma festa, na manh\u00e3 deste domingo, 19, em Sert\u00e3ozinho, no interior&hellip; <\/p>\n","protected":false},"author":1,"featured_media":165140,"comment_status":"closed","ping_status":"closed","sticky":false,"template":"","format":"standard","meta":{"sfsi_plus_gutenberg_text_before_share":"","sfsi_plus_gutenberg_show_text_before_share":"","sfsi_plus_gutenberg_icon_type":"","sfsi_plus_gutenberg_icon_alignemt":"","sfsi_plus_gutenburg_max_per_row":"","footnotes":""},"categories":[50],"tags":[],"class_list":["post-165139","post","type-post","status-publish","format-standard","has-post-thumbnail","hentry","category-destaque"],"_links":{"self":[{"href":"https:\/\/www.caririemacao.com\/1\/wp-json\/wp\/v2\/posts\/165139","targetHints":{"allow":["GET"]}}],"collection":[{"href":"https:\/\/www.caririemacao.com\/1\/wp-json\/wp\/v2\/posts"}],"about":[{"href":"https:\/\/www.caririemacao.com\/1\/wp-json\/wp\/v2\/types\/post"}],"author":[{"embeddable":true,"href":"https:\/\/www.caririemacao.com\/1\/wp-json\/wp\/v2\/users\/1"}],"replies":[{"embeddable":true,"href":"https:\/\/www.caririemacao.com\/1\/wp-json\/wp\/v2\/comments?post=165139"}],"version-history":[{"count":1,"href":"https:\/\/www.caririemacao.com\/1\/wp-json\/wp\/v2\/posts\/165139\/revisions"}],"predecessor-version":[{"id":165141,"href":"https:\/\/www.caririemacao.com\/1\/wp-json\/wp\/v2\/posts\/165139\/revisions\/165141"}],"wp:featuredmedia":[{"embeddable":true,"href":"https:\/\/www.caririemacao.com\/1\/wp-json\/wp\/v2\/media\/165140"}],"wp:attachment":[{"href":"https:\/\/www.caririemacao.com\/1\/wp-json\/wp\/v2\/media?parent=165139"}],"wp:term":[{"taxonomy":"category","embeddable":true,"href":"https:\/\/www.caririemacao.com\/1\/wp-json\/wp\/v2\/categories?post=165139"},{"taxonomy":"post_tag","embeddable":true,"href":"https:\/\/www.caririemacao.com\/1\/wp-json\/wp\/v2\/tags?post=165139"}],"curies":[{"name":"wp","href":"https:\/\/api.w.org\/{rel}","templated":true}]}}