{"id":165142,"date":"2020-04-21T10:41:31","date_gmt":"2020-04-21T13:41:31","guid":{"rendered":"http:\/\/www.caririemacao.com\/1\/?p=165142"},"modified":"2020-04-21T10:41:33","modified_gmt":"2020-04-21T13:41:33","slug":"bahia-registra-1-341-casos-confirmados-de-covid-19","status":"publish","type":"post","link":"https:\/\/www.caririemacao.com\/1\/2020\/04\/21\/bahia-registra-1-341-casos-confirmados-de-covid-19\/","title":{"rendered":"Bahia registra 1.341 casos confirmados de Covid-19"},"content":{"rendered":"\n<p>A Bahia registra 1.341 casos confirmados do novo coronav\u00edrus (Covid-19). At\u00e9 o momento, 5.357 casos foram descartados e houve 46 \u00f3bitos, registrados nos munic\u00edpios de Adustina (1); Araci (1); Belmonte (1); Feira de Santana (1); Gongogi (2); Ilh\u00e9us (3); Ipia\u00fa (1); Itabuna (1); Itagib\u00e1 (1); Itap\u00e9 (1); Itapetinga (1); Juazeiro (1); Lauro de Freitas (5), um dos \u00f3bitos era residente no Rio de Janeiro; Salvador (22); Uru\u00e7uca (2); Utinga (1); Vit\u00f3ria da Conquista (1). Estes n\u00fameros contabilizam todos os registros de janeiro at\u00e9 as 12 horas desta segunda-feira (20).<\/p>\n\n\n\n<p>O 46\u00ba \u00f3bito foi registrado hoje (20), em um hospital p\u00fablico no munic\u00edpio de Ilh\u00e9us. O paciente era um homem de 55 anos, com hist\u00f3rico de hipertens\u00e3o e diabetes. Ele apresentou os primeiros sintomas de Covid-19 em 11 de abril, foi internado no dia 15 e veio a falecer nesta segunda.<\/p>\n\n\n\n<p>Dos casos confirmados, 157 s\u00e3o profissionais de sa\u00fade. Ao todo, 342 pessoas est\u00e3o recuperadas e 158 encontram-se internadas, sendo 64 em UTI. Estes dados representam notifica\u00e7\u00f5es oficiais compiladas pelo Centro de Informa\u00e7\u00f5es Estrat\u00e9gicas em Vigil\u00e2ncia em Sa\u00fade da Bahia (Cievs-BA), em conjunto com os Cievs municipais.<\/p>\n\n\n\n<p>Um novo boletim com a descri\u00e7\u00e3o detalhada do local de ocorr\u00eancia dos casos ser\u00e1 publicado a partir das 17h de hoje.<\/p>\n\n\n\n<p><strong>Fonte: Sesab<\/strong><\/p>\n","protected":false},"excerpt":{"rendered":"<p>A Bahia registra 1.341 casos confirmados do novo coronav\u00edrus (Covid-19). At\u00e9 o momento, 5.357 casos foram descartados e houve 46 \u00f3bitos, registrados nos munic\u00edpios de&hellip; <\/p>\n","protected":false},"author":1,"featured_media":164839,"comment_status":"closed","ping_status":"closed","sticky":false,"template":"","format":"standard","meta":{"sfsi_plus_gutenberg_text_before_share":"","sfsi_plus_gutenberg_show_text_before_share":"","sfsi_plus_gutenberg_icon_type":"","sfsi_plus_gutenberg_icon_alignemt":"","sfsi_plus_gutenburg_max_per_row":"","footnotes":""},"categories":[16],"tags":[],"class_list":["post-165142","post","type-post","status-publish","format-standard","has-post-thumbnail","hentry","category-saude"],"_links":{"self":[{"href":"https:\/\/www.caririemacao.com\/1\/wp-json\/wp\/v2\/posts\/165142","targetHints":{"allow":["GET"]}}],"collection":[{"href":"https:\/\/www.caririemacao.com\/1\/wp-json\/wp\/v2\/posts"}],"about":[{"href":"https:\/\/www.caririemacao.com\/1\/wp-json\/wp\/v2\/types\/post"}],"author":[{"embeddable":true,"href":"https:\/\/www.caririemacao.com\/1\/wp-json\/wp\/v2\/users\/1"}],"replies":[{"embeddable":true,"href":"https:\/\/www.caririemacao.com\/1\/wp-json\/wp\/v2\/comments?post=165142"}],"version-history":[{"count":1,"href":"https:\/\/www.caririemacao.com\/1\/wp-json\/wp\/v2\/posts\/165142\/revisions"}],"predecessor-version":[{"id":165143,"href":"https:\/\/www.caririemacao.com\/1\/wp-json\/wp\/v2\/posts\/165142\/revisions\/165143"}],"wp:featuredmedia":[{"embeddable":true,"href":"https:\/\/www.caririemacao.com\/1\/wp-json\/wp\/v2\/media\/164839"}],"wp:attachment":[{"href":"https:\/\/www.caririemacao.com\/1\/wp-json\/wp\/v2\/media?parent=165142"}],"wp:term":[{"taxonomy":"category","embeddable":true,"href":"https:\/\/www.caririemacao.com\/1\/wp-json\/wp\/v2\/categories?post=165142"},{"taxonomy":"post_tag","embeddable":true,"href":"https:\/\/www.caririemacao.com\/1\/wp-json\/wp\/v2\/tags?post=165142"}],"curies":[{"name":"wp","href":"https:\/\/api.w.org\/{rel}","templated":true}]}}