{"id":165144,"date":"2020-04-21T11:45:59","date_gmt":"2020-04-21T14:45:59","guid":{"rendered":"http:\/\/www.caririemacao.com\/1\/?p=165144"},"modified":"2020-04-21T11:46:00","modified_gmt":"2020-04-21T14:46:00","slug":"pai-atropela-e-mata-filha-acidentalmente-com-trator","status":"publish","type":"post","link":"https:\/\/www.caririemacao.com\/1\/2020\/04\/21\/pai-atropela-e-mata-filha-acidentalmente-com-trator\/","title":{"rendered":"Pai atropela e mata filha acidentalmente com trator"},"content":{"rendered":"\n<p>Corpo de Bombeiros foi acionado, mas menina j\u00e1 estava morta<\/p>\n\n\n\n<p>O Corpo de Bombeiros do Distrito Federal foi acionado na manh\u00e3 deste domingo (19) para atender a uma ocorr\u00eancia de atropelamento por trator na \u00e1rea rural de Tabatinga. Segundo o registro da ocorr\u00eancia, a v\u00edtima do atropelamento era uma crian\u00e7a de nove anos de idade.<\/p>\n\n\n\n<p>A menina estava colhendo abacates com o pai pr\u00f3ximo ao ve\u00edculo quando escorregou e caiu embaixo do trator. O homem n\u00e3o conseguiu desviar e terminou atropelando a crian\u00e7a. Em conversa com policiais, o pai da menina afirmou que o terreno molhado fez com que a garota se desequilibrasse.<\/p>\n\n\n\n<p>um helic\u00f3ptero foi enviado ao local, mas a menina j\u00e1 estava morta quando os oficiais chegaram. A Pol\u00edcia Civil periciou a cena e investiga o caso.<\/p>\n\n\n\n<p><em>Fonte: IG Nacional<\/em><\/p>\n","protected":false},"excerpt":{"rendered":"<p>Corpo de Bombeiros foi acionado, mas menina j\u00e1 estava morta O Corpo de Bombeiros do Distrito Federal foi acionado na manh\u00e3 deste domingo (19) para&hellip; <\/p>\n","protected":false},"author":1,"featured_media":165145,"comment_status":"closed","ping_status":"closed","sticky":false,"template":"","format":"standard","meta":{"sfsi_plus_gutenberg_text_before_share":"","sfsi_plus_gutenberg_show_text_before_share":"","sfsi_plus_gutenberg_icon_type":"","sfsi_plus_gutenberg_icon_alignemt":"","sfsi_plus_gutenburg_max_per_row":"","footnotes":""},"categories":[12],"tags":[],"class_list":["post-165144","post","type-post","status-publish","format-standard","has-post-thumbnail","hentry","category-policia"],"_links":{"self":[{"href":"https:\/\/www.caririemacao.com\/1\/wp-json\/wp\/v2\/posts\/165144","targetHints":{"allow":["GET"]}}],"collection":[{"href":"https:\/\/www.caririemacao.com\/1\/wp-json\/wp\/v2\/posts"}],"about":[{"href":"https:\/\/www.caririemacao.com\/1\/wp-json\/wp\/v2\/types\/post"}],"author":[{"embeddable":true,"href":"https:\/\/www.caririemacao.com\/1\/wp-json\/wp\/v2\/users\/1"}],"replies":[{"embeddable":true,"href":"https:\/\/www.caririemacao.com\/1\/wp-json\/wp\/v2\/comments?post=165144"}],"version-history":[{"count":1,"href":"https:\/\/www.caririemacao.com\/1\/wp-json\/wp\/v2\/posts\/165144\/revisions"}],"predecessor-version":[{"id":165146,"href":"https:\/\/www.caririemacao.com\/1\/wp-json\/wp\/v2\/posts\/165144\/revisions\/165146"}],"wp:featuredmedia":[{"embeddable":true,"href":"https:\/\/www.caririemacao.com\/1\/wp-json\/wp\/v2\/media\/165145"}],"wp:attachment":[{"href":"https:\/\/www.caririemacao.com\/1\/wp-json\/wp\/v2\/media?parent=165144"}],"wp:term":[{"taxonomy":"category","embeddable":true,"href":"https:\/\/www.caririemacao.com\/1\/wp-json\/wp\/v2\/categories?post=165144"},{"taxonomy":"post_tag","embeddable":true,"href":"https:\/\/www.caririemacao.com\/1\/wp-json\/wp\/v2\/tags?post=165144"}],"curies":[{"name":"wp","href":"https:\/\/api.w.org\/{rel}","templated":true}]}}