{"id":165148,"date":"2020-04-21T12:06:39","date_gmt":"2020-04-21T15:06:39","guid":{"rendered":"http:\/\/www.caririemacao.com\/1\/?p=165148"},"modified":"2020-04-21T12:06:41","modified_gmt":"2020-04-21T15:06:41","slug":"governador-altera-decreto-de-calamidade-e-desobriga-uso-de-mascaras-para-clientes-em-estabelecimentos-autorizados-a-funcionar","status":"publish","type":"post","link":"https:\/\/www.caririemacao.com\/1\/2020\/04\/21\/governador-altera-decreto-de-calamidade-e-desobriga-uso-de-mascaras-para-clientes-em-estabelecimentos-autorizados-a-funcionar\/","title":{"rendered":"Governador altera decreto de calamidade e desobriga uso de m\u00e1scaras para clientes em estabelecimentos autorizados a funcionar"},"content":{"rendered":"\n<p>O governador da Para\u00edba Jo\u00e3o Azev\u00eado (Cidadania) alterou o decreto de calamidade p\u00fablica na Para\u00edba em decorr\u00eancia de pandemia do novo coronav\u00edrus. O decreto foi publicado no Di\u00e1rio Oficial desta ter\u00e7a-feira 21 de abril. No artigo&nbsp;2\u00ba,&nbsp; os estabelecimentos autorizados a funcionar ficam obrigados a fornecer m\u00e1scaras para todos os seus&nbsp;empregados, prestadores de servi\u00e7o e colaboradores.<\/p>\n\n\n\n<p>Ficou determinado que&nbsp; os estabelecimentos ser\u00e3o fiscalizados pelo PROCON, pelos \u00f3rg\u00e3os de Vigil\u00e2ncia Sanit\u00e1ria Estadual e municipais e pela Pol\u00edcia Militar do Estado da Para\u00edba e o descumprimento sujeitar\u00e1 o estabelecimento \u00e0 aplica\u00e7\u00e3o de multa e poder\u00e1 implicar no fechamento, em caso de reincid\u00eancia.<\/p>\n\n\n\n<p>O n\u00famero de casos de coronav\u00edrus na Para\u00edba continuam aumentando. No \u00faltimo Boletim da Secret\u00e1ria de Sa\u00fade divulgado no final da tarde desta segunda-feira (20), dos 263 casos confirmados at\u00e9 este domingo, 19 de abril, 116 j\u00e1 se recuperaram, 39 est\u00e3o hospitalizados, 10 deles em leitos de UTI e 33, infelizmente, faleceram.<\/p>\n\n\n\n<p>Os demais se recuperam em isolamento domiciliar acompanhados pelas secretarias municipais de sa\u00fade.<\/p>\n\n\n\n<p>Os casos est\u00e3o distribu\u00eddos em 19 munic\u00edpios: Jo\u00e3o Pessoa (185), Santa Rita (20), Campina Grande (12), Cabedelo (11), Bayeux (9), Patos (8), Junco do Serid\u00f3 (3), Pombal (2), Serra Branca (1), Sap\u00e9 (3),&nbsp; Sousa (1), Igaracy (1), Tapero\u00e1 (1), S\u00e3o Jo\u00e3o do Rio do Peixe (1), Riach\u00e3o do Po\u00e7o (1), S\u00e3o Bento (1), Congo (1), Queimadas (1), Bom Jesus (1).<\/p>\n\n\n\n<p>Com a decis\u00e3o, fica permitida a edi\u00e7\u00e3o de atos normativos necess\u00e1rios \u00e0 regulamenta\u00e7\u00e3o e execu\u00e7\u00e3o dos atos administrativos., e as autoridades de sa\u00fade ficam autorizadas a adotar medidas excepcionais necess\u00e1rias para combater \u00e0 dissemina\u00e7\u00e3o do Covid-19 em todo territ\u00f3rio paraibano.<\/p>\n\n\n\n<p><strong>Confira o decreto a seguir:<\/strong><\/p>\n\n\n\n<div class=\"wp-block-image\"><figure class=\"aligncenter\"><img decoding=\"async\" data-src=\"http:\/\/deolhonocariri.com.br\/wp-content\/uploads\/2020\/04\/diario-oficial-21-04-2020-01.jpg\" alt=\"\" class=\"wp-image-81057 lazyload\" src=\"data:image\/svg+xml;base64,PHN2ZyB3aWR0aD0iMSIgaGVpZ2h0PSIxIiB4bWxucz0iaHR0cDovL3d3dy53My5vcmcvMjAwMC9zdmciPjwvc3ZnPg==\" \/><\/figure><\/div>\n\n\n\n<p><em>Click PB \u2013 Clilson J\u00fanior<\/em><\/p>\n","protected":false},"excerpt":{"rendered":"<p>O governador da Para\u00edba Jo\u00e3o Azev\u00eado (Cidadania) alterou o decreto de calamidade p\u00fablica na Para\u00edba em decorr\u00eancia de pandemia do novo coronav\u00edrus. O decreto foi&hellip; <\/p>\n","protected":false},"author":2,"featured_media":164371,"comment_status":"closed","ping_status":"closed","sticky":false,"template":"","format":"standard","meta":{"sfsi_plus_gutenberg_text_before_share":"","sfsi_plus_gutenberg_show_text_before_share":"","sfsi_plus_gutenberg_icon_type":"","sfsi_plus_gutenberg_icon_alignemt":"","sfsi_plus_gutenburg_max_per_row":"","footnotes":""},"categories":[2],"tags":[],"class_list":["post-165148","post","type-post","status-publish","format-standard","has-post-thumbnail","hentry","category-geral"],"_links":{"self":[{"href":"https:\/\/www.caririemacao.com\/1\/wp-json\/wp\/v2\/posts\/165148","targetHints":{"allow":["GET"]}}],"collection":[{"href":"https:\/\/www.caririemacao.com\/1\/wp-json\/wp\/v2\/posts"}],"about":[{"href":"https:\/\/www.caririemacao.com\/1\/wp-json\/wp\/v2\/types\/post"}],"author":[{"embeddable":true,"href":"https:\/\/www.caririemacao.com\/1\/wp-json\/wp\/v2\/users\/2"}],"replies":[{"embeddable":true,"href":"https:\/\/www.caririemacao.com\/1\/wp-json\/wp\/v2\/comments?post=165148"}],"version-history":[{"count":1,"href":"https:\/\/www.caririemacao.com\/1\/wp-json\/wp\/v2\/posts\/165148\/revisions"}],"predecessor-version":[{"id":165149,"href":"https:\/\/www.caririemacao.com\/1\/wp-json\/wp\/v2\/posts\/165148\/revisions\/165149"}],"wp:featuredmedia":[{"embeddable":true,"href":"https:\/\/www.caririemacao.com\/1\/wp-json\/wp\/v2\/media\/164371"}],"wp:attachment":[{"href":"https:\/\/www.caririemacao.com\/1\/wp-json\/wp\/v2\/media?parent=165148"}],"wp:term":[{"taxonomy":"category","embeddable":true,"href":"https:\/\/www.caririemacao.com\/1\/wp-json\/wp\/v2\/categories?post=165148"},{"taxonomy":"post_tag","embeddable":true,"href":"https:\/\/www.caririemacao.com\/1\/wp-json\/wp\/v2\/tags?post=165148"}],"curies":[{"name":"wp","href":"https:\/\/api.w.org\/{rel}","templated":true}]}}