{"id":165151,"date":"2020-04-21T12:09:03","date_gmt":"2020-04-21T15:09:03","guid":{"rendered":"http:\/\/www.caririemacao.com\/1\/?p=165151"},"modified":"2020-04-21T12:09:04","modified_gmt":"2020-04-21T15:09:04","slug":"homem-e-esfaqueado-durante-a-madrugada-em-monteiro","status":"publish","type":"post","link":"https:\/\/www.caririemacao.com\/1\/2020\/04\/21\/homem-e-esfaqueado-durante-a-madrugada-em-monteiro\/","title":{"rendered":"Homem \u00e9 esfaqueado durante a madrugada em Monteiro"},"content":{"rendered":"\n<p>Um homem foi esfaqueado na madrugada desta ter\u00e7a-feira, 21, na cidade de Monteiro. A v\u00edtima foi identificada como Letacio J\u00fanior, conhecido popularmente por \u201cRolinha\u201d.<\/p>\n\n\n\n<p>De acordo com informa\u00e7\u00f5es, a v\u00edtima chegou no Hospital Regional de Monteiro apresentando ferimentos de arma branca. A Pol\u00edcia foi acionada, e a v\u00edtima informou aos policiais que havia sido esfaqueado e apontou o nome do suspeito.<\/p>\n\n\n\n<p>A Pol\u00edcia est\u00e1 investigando o caso. At\u00e9 o momento, ningu\u00e9m foi preso.<\/p>\n","protected":false},"excerpt":{"rendered":"<p>Um homem foi esfaqueado na madrugada desta ter\u00e7a-feira, 21, na cidade de Monteiro. A v\u00edtima foi identificada como Letacio J\u00fanior, conhecido popularmente por \u201cRolinha\u201d. De&hellip; <\/p>\n","protected":false},"author":2,"featured_media":165152,"comment_status":"closed","ping_status":"closed","sticky":false,"template":"","format":"standard","meta":{"sfsi_plus_gutenberg_text_before_share":"","sfsi_plus_gutenberg_show_text_before_share":"","sfsi_plus_gutenberg_icon_type":"","sfsi_plus_gutenberg_icon_alignemt":"","sfsi_plus_gutenburg_max_per_row":"","footnotes":""},"categories":[12],"tags":[],"class_list":["post-165151","post","type-post","status-publish","format-standard","has-post-thumbnail","hentry","category-policia"],"_links":{"self":[{"href":"https:\/\/www.caririemacao.com\/1\/wp-json\/wp\/v2\/posts\/165151","targetHints":{"allow":["GET"]}}],"collection":[{"href":"https:\/\/www.caririemacao.com\/1\/wp-json\/wp\/v2\/posts"}],"about":[{"href":"https:\/\/www.caririemacao.com\/1\/wp-json\/wp\/v2\/types\/post"}],"author":[{"embeddable":true,"href":"https:\/\/www.caririemacao.com\/1\/wp-json\/wp\/v2\/users\/2"}],"replies":[{"embeddable":true,"href":"https:\/\/www.caririemacao.com\/1\/wp-json\/wp\/v2\/comments?post=165151"}],"version-history":[{"count":1,"href":"https:\/\/www.caririemacao.com\/1\/wp-json\/wp\/v2\/posts\/165151\/revisions"}],"predecessor-version":[{"id":165153,"href":"https:\/\/www.caririemacao.com\/1\/wp-json\/wp\/v2\/posts\/165151\/revisions\/165153"}],"wp:featuredmedia":[{"embeddable":true,"href":"https:\/\/www.caririemacao.com\/1\/wp-json\/wp\/v2\/media\/165152"}],"wp:attachment":[{"href":"https:\/\/www.caririemacao.com\/1\/wp-json\/wp\/v2\/media?parent=165151"}],"wp:term":[{"taxonomy":"category","embeddable":true,"href":"https:\/\/www.caririemacao.com\/1\/wp-json\/wp\/v2\/categories?post=165151"},{"taxonomy":"post_tag","embeddable":true,"href":"https:\/\/www.caririemacao.com\/1\/wp-json\/wp\/v2\/tags?post=165151"}],"curies":[{"name":"wp","href":"https:\/\/api.w.org\/{rel}","templated":true}]}}