{"id":165155,"date":"2020-04-21T12:10:37","date_gmt":"2020-04-21T15:10:37","guid":{"rendered":"http:\/\/www.caririemacao.com\/1\/?p=165155"},"modified":"2020-04-21T12:10:39","modified_gmt":"2020-04-21T15:10:39","slug":"familiares-da-bebezinha-morta-em-taperoa-por-covid-19-estao-internados-com-suspeita-da-doenca","status":"publish","type":"post","link":"https:\/\/www.caririemacao.com\/1\/2020\/04\/21\/familiares-da-bebezinha-morta-em-taperoa-por-covid-19-estao-internados-com-suspeita-da-doenca\/","title":{"rendered":"Familiares da bebezinha morta em Tapero\u00e1 por Covid-19 est\u00e3o internados com suspeita da doen\u00e7a"},"content":{"rendered":"\n<p>Est\u00e3o internadas em Campina Grande, quatro pessoas que teriam participado do vel\u00f3rio do beb\u00ea que morreu de Covid-19, na cidade de Tapero\u00e1.<\/p>\n\n\n\n<p><br>O caso registrado em Tapero\u00e1 foi raro no Brasil. Uma beb\u00ea de apenas quatro meses veio a \u00f3bito e mesmo sem que ningu\u00e9m acreditasse, sua causa morte foi o novo Coronav\u00edrus. A crian\u00e7a teve contato com v\u00e1rios familiares e at\u00e9 seu vel\u00f3rio foi realizado com o caix\u00e3o aberto.<\/p>\n\n\n\n<p><br>Ap\u00f3s isso, a tia da crian\u00e7a, o marido e os filhos do casal apresentaram os sintomas da doen\u00e7a e foram hospitalizados em Campina Grande.<\/p>\n\n\n\n<p><br>Os casos est\u00e3o sendo investigados em Tapero\u00e1 e Campina Grande.<\/p>\n\n\n\n<p><br>DEOLHONOCARIRI<\/p>\n","protected":false},"excerpt":{"rendered":"<p>Est\u00e3o internadas em Campina Grande, quatro pessoas que teriam participado do vel\u00f3rio do beb\u00ea que morreu de Covid-19, na cidade de Tapero\u00e1. O caso registrado&hellip; <\/p>\n","protected":false},"author":2,"featured_media":102167,"comment_status":"closed","ping_status":"closed","sticky":false,"template":"","format":"standard","meta":{"sfsi_plus_gutenberg_text_before_share":"","sfsi_plus_gutenberg_show_text_before_share":"","sfsi_plus_gutenberg_icon_type":"","sfsi_plus_gutenberg_icon_alignemt":"","sfsi_plus_gutenburg_max_per_row":"","footnotes":""},"categories":[6],"tags":[],"class_list":["post-165155","post","type-post","status-publish","format-standard","has-post-thumbnail","hentry","category-cidades"],"_links":{"self":[{"href":"https:\/\/www.caririemacao.com\/1\/wp-json\/wp\/v2\/posts\/165155","targetHints":{"allow":["GET"]}}],"collection":[{"href":"https:\/\/www.caririemacao.com\/1\/wp-json\/wp\/v2\/posts"}],"about":[{"href":"https:\/\/www.caririemacao.com\/1\/wp-json\/wp\/v2\/types\/post"}],"author":[{"embeddable":true,"href":"https:\/\/www.caririemacao.com\/1\/wp-json\/wp\/v2\/users\/2"}],"replies":[{"embeddable":true,"href":"https:\/\/www.caririemacao.com\/1\/wp-json\/wp\/v2\/comments?post=165155"}],"version-history":[{"count":1,"href":"https:\/\/www.caririemacao.com\/1\/wp-json\/wp\/v2\/posts\/165155\/revisions"}],"predecessor-version":[{"id":165156,"href":"https:\/\/www.caririemacao.com\/1\/wp-json\/wp\/v2\/posts\/165155\/revisions\/165156"}],"wp:featuredmedia":[{"embeddable":true,"href":"https:\/\/www.caririemacao.com\/1\/wp-json\/wp\/v2\/media\/102167"}],"wp:attachment":[{"href":"https:\/\/www.caririemacao.com\/1\/wp-json\/wp\/v2\/media?parent=165155"}],"wp:term":[{"taxonomy":"category","embeddable":true,"href":"https:\/\/www.caririemacao.com\/1\/wp-json\/wp\/v2\/categories?post=165155"},{"taxonomy":"post_tag","embeddable":true,"href":"https:\/\/www.caririemacao.com\/1\/wp-json\/wp\/v2\/tags?post=165155"}],"curies":[{"name":"wp","href":"https:\/\/api.w.org\/{rel}","templated":true}]}}