{"id":165158,"date":"2020-04-21T12:13:16","date_gmt":"2020-04-21T15:13:16","guid":{"rendered":"http:\/\/www.caririemacao.com\/1\/?p=165158"},"modified":"2020-04-21T12:13:17","modified_gmt":"2020-04-21T15:13:17","slug":"explosivos-que-seriam-usados-em-ataques-a-bancos-sao-apreendidos-na-paraiba","status":"publish","type":"post","link":"https:\/\/www.caririemacao.com\/1\/2020\/04\/21\/explosivos-que-seriam-usados-em-ataques-a-bancos-sao-apreendidos-na-paraiba\/","title":{"rendered":"Explosivos que seriam usados em ataques a bancos s\u00e3o apreendidos na Para\u00edba"},"content":{"rendered":"\n<p>A Pol\u00edcia Militar apreendeu uma carga de explosivos, no fim da noite dessa segunda-feira (20), ap\u00f3s interceptar um carro na Avenida Marechal Floriano Peixoto, no centro de Campina Grande. A suspeita \u00e9 de que o material seria usado em ataques a bancos, na regi\u00e3o.<\/p>\n\n\n\n<p>No ve\u00edculo, os policiais da For\u00e7a Regional do Comando de Policiamento Regional I (CPR-I) encontraram 18 bananas de dinamite, cord\u00e9is detonantes, espoletas, estopim e oito quilos de explosivo com alto poder destrutivo.<\/p>\n\n\n\n<p>O carro foi abordado durante refor\u00e7o da seguran\u00e7a que as equipes realizavam na cidade, dentro das atividades da Opera\u00e7\u00e3o Tiradentes. O suspeito, ao perceber a presen\u00e7a da PM, realizou uma manobra arriscada com o ve\u00edculo para tentar fugir, mas acabou interceptado. Ele apresentava bastante nervosismo quando foi parado e os policiais desconfiaram de que o carro estaria com algum material ilegal, o que foi confirmado durante revista no banco de tr\u00e1s, onde estava um pacote com todo o explosivo.<\/p>\n\n\n\n<p>O preso foi apresentado na Central de Pol\u00edcia Civil, em Campina Grande. Os artefatos explosivos foram desativados pela equipe do Grupamento de A\u00e7\u00f5es T\u00e1ticas Especiais (GATE) da Pol\u00edcia Militar, antes de serem levados para a delegacia.<\/p>\n","protected":false},"excerpt":{"rendered":"<p>A Pol\u00edcia Militar apreendeu uma carga de explosivos, no fim da noite dessa segunda-feira (20), ap\u00f3s interceptar um carro na Avenida Marechal Floriano Peixoto, no&hellip; <\/p>\n","protected":false},"author":2,"featured_media":165159,"comment_status":"closed","ping_status":"closed","sticky":false,"template":"","format":"standard","meta":{"sfsi_plus_gutenberg_text_before_share":"","sfsi_plus_gutenberg_show_text_before_share":"","sfsi_plus_gutenberg_icon_type":"","sfsi_plus_gutenberg_icon_alignemt":"","sfsi_plus_gutenburg_max_per_row":"","footnotes":""},"categories":[12],"tags":[],"class_list":["post-165158","post","type-post","status-publish","format-standard","has-post-thumbnail","hentry","category-policia"],"_links":{"self":[{"href":"https:\/\/www.caririemacao.com\/1\/wp-json\/wp\/v2\/posts\/165158","targetHints":{"allow":["GET"]}}],"collection":[{"href":"https:\/\/www.caririemacao.com\/1\/wp-json\/wp\/v2\/posts"}],"about":[{"href":"https:\/\/www.caririemacao.com\/1\/wp-json\/wp\/v2\/types\/post"}],"author":[{"embeddable":true,"href":"https:\/\/www.caririemacao.com\/1\/wp-json\/wp\/v2\/users\/2"}],"replies":[{"embeddable":true,"href":"https:\/\/www.caririemacao.com\/1\/wp-json\/wp\/v2\/comments?post=165158"}],"version-history":[{"count":1,"href":"https:\/\/www.caririemacao.com\/1\/wp-json\/wp\/v2\/posts\/165158\/revisions"}],"predecessor-version":[{"id":165160,"href":"https:\/\/www.caririemacao.com\/1\/wp-json\/wp\/v2\/posts\/165158\/revisions\/165160"}],"wp:featuredmedia":[{"embeddable":true,"href":"https:\/\/www.caririemacao.com\/1\/wp-json\/wp\/v2\/media\/165159"}],"wp:attachment":[{"href":"https:\/\/www.caririemacao.com\/1\/wp-json\/wp\/v2\/media?parent=165158"}],"wp:term":[{"taxonomy":"category","embeddable":true,"href":"https:\/\/www.caririemacao.com\/1\/wp-json\/wp\/v2\/categories?post=165158"},{"taxonomy":"post_tag","embeddable":true,"href":"https:\/\/www.caririemacao.com\/1\/wp-json\/wp\/v2\/tags?post=165158"}],"curies":[{"name":"wp","href":"https:\/\/api.w.org\/{rel}","templated":true}]}}