{"id":165162,"date":"2020-04-21T12:14:23","date_gmt":"2020-04-21T15:14:23","guid":{"rendered":"http:\/\/www.caririemacao.com\/1\/?p=165162"},"modified":"2020-04-21T12:14:25","modified_gmt":"2020-04-21T15:14:25","slug":"recuperados-da-covid-19-se-aproximam-de-23-mil-no-brasil","status":"publish","type":"post","link":"https:\/\/www.caririemacao.com\/1\/2020\/04\/21\/recuperados-da-covid-19-se-aproximam-de-23-mil-no-brasil\/","title":{"rendered":"Recuperados da Covid-19 se aproximam de 23 mil no Brasil"},"content":{"rendered":"\n<p>O Brasil registrou, at\u00e9 segunda-feira (20),&nbsp;22.991 pessoas recuperadas da covid-19, segundo dados do Minist\u00e9rio da Sa\u00fade. O n\u00famero foi divulgado sem detalhamento por estado.<\/p>\n\n\n\n<p>A taxa nacional de recupera\u00e7\u00e3o da doen\u00e7a encontra-se em 56,7%, uma pequena melhora em rela\u00e7\u00e3o aos 55% registrados em 14 de abril, quando o minist\u00e9rio come\u00e7ou a divulgar o n\u00famero de recuperados. O pa\u00eds tem&nbsp;40.581 pacientes diagnosticados, segundo os dados divulgados&nbsp;ontem&nbsp;(20).<\/p>\n\n\n\n<p>O minist\u00e9rio contabiliza como recuperado o paciente com confirma\u00e7\u00e3o do novo coronav\u00edrus que recebeu alta hospitalar ap\u00f3s interna\u00e7\u00e3o e tamb\u00e9m os confirmados sem interna\u00e7\u00e3o, mas que deixaram de apresentar sintomas depois de ficar em casa.<\/p>\n\n\n\n<p>Enquanto a taxa de recupera\u00e7\u00e3o se mant\u00e9m acima da metade dos casos, o&nbsp;\u00edndice de letalidade encontra-se em 6,3% dos casos confirmados. No Brasil, foram registradas 2.575 mortes at\u00e9&nbsp;ontem&nbsp;(20).<\/p>\n\n\n\n<p>As hospitaliza\u00e7\u00f5es por covid-19 chegaram a 8.318. O total de pessoas internadas por S\u00edndrome Respirat\u00f3ria Aguda Grave (SRAG) em investiga\u00e7\u00e3o totalizaram 42.817. Outras 15.752 foram denominadas SRAG \u201cn\u00e3o especificado\u201d.<\/p>\n\n\n\n<p>Ontem&nbsp;(20), o ministro da Sa\u00fade, Nelson Teich, anunciou&nbsp;ter&nbsp;aumentado para 46 milh\u00f5es o n\u00famero de testes que a pasta pretende comprar para ampliar os diagn\u00f3sticos.<\/p>\n\n\n\n<p>\u201cIsso \u00e9 importante para entender a doen\u00e7a, a evolu\u00e7\u00e3o e fazer um planejamento para revis\u00e3o do distanciamento social\u201d, disse Teich, em v\u00eddeo divulgado pela assessoria do&nbsp;Minist\u00e9rio da Sa\u00fade.<\/p>\n","protected":false},"excerpt":{"rendered":"<p>O Brasil registrou, at\u00e9 segunda-feira (20),&nbsp;22.991 pessoas recuperadas da covid-19, segundo dados do Minist\u00e9rio da Sa\u00fade. O n\u00famero foi divulgado sem detalhamento por estado. A&hellip; <\/p>\n","protected":false},"author":2,"featured_media":161754,"comment_status":"closed","ping_status":"closed","sticky":false,"template":"","format":"standard","meta":{"sfsi_plus_gutenberg_text_before_share":"","sfsi_plus_gutenberg_show_text_before_share":"","sfsi_plus_gutenberg_icon_type":"","sfsi_plus_gutenberg_icon_alignemt":"","sfsi_plus_gutenburg_max_per_row":"","footnotes":""},"categories":[16],"tags":[],"class_list":["post-165162","post","type-post","status-publish","format-standard","has-post-thumbnail","hentry","category-saude"],"_links":{"self":[{"href":"https:\/\/www.caririemacao.com\/1\/wp-json\/wp\/v2\/posts\/165162","targetHints":{"allow":["GET"]}}],"collection":[{"href":"https:\/\/www.caririemacao.com\/1\/wp-json\/wp\/v2\/posts"}],"about":[{"href":"https:\/\/www.caririemacao.com\/1\/wp-json\/wp\/v2\/types\/post"}],"author":[{"embeddable":true,"href":"https:\/\/www.caririemacao.com\/1\/wp-json\/wp\/v2\/users\/2"}],"replies":[{"embeddable":true,"href":"https:\/\/www.caririemacao.com\/1\/wp-json\/wp\/v2\/comments?post=165162"}],"version-history":[{"count":1,"href":"https:\/\/www.caririemacao.com\/1\/wp-json\/wp\/v2\/posts\/165162\/revisions"}],"predecessor-version":[{"id":165163,"href":"https:\/\/www.caririemacao.com\/1\/wp-json\/wp\/v2\/posts\/165162\/revisions\/165163"}],"wp:featuredmedia":[{"embeddable":true,"href":"https:\/\/www.caririemacao.com\/1\/wp-json\/wp\/v2\/media\/161754"}],"wp:attachment":[{"href":"https:\/\/www.caririemacao.com\/1\/wp-json\/wp\/v2\/media?parent=165162"}],"wp:term":[{"taxonomy":"category","embeddable":true,"href":"https:\/\/www.caririemacao.com\/1\/wp-json\/wp\/v2\/categories?post=165162"},{"taxonomy":"post_tag","embeddable":true,"href":"https:\/\/www.caririemacao.com\/1\/wp-json\/wp\/v2\/tags?post=165162"}],"curies":[{"name":"wp","href":"https:\/\/api.w.org\/{rel}","templated":true}]}}