{"id":165173,"date":"2020-04-21T14:12:14","date_gmt":"2020-04-21T17:12:14","guid":{"rendered":"http:\/\/www.caririemacao.com\/1\/?p=165173"},"modified":"2020-04-21T14:12:16","modified_gmt":"2020-04-21T17:12:16","slug":"mais-um-crime-patrimonial-bandidos-assaltam-residencia-de-empresario-na-zona-rural-de-sao-joao-do-cariri-roubam-carro-e-pertences","status":"publish","type":"post","link":"https:\/\/www.caririemacao.com\/1\/2020\/04\/21\/mais-um-crime-patrimonial-bandidos-assaltam-residencia-de-empresario-na-zona-rural-de-sao-joao-do-cariri-roubam-carro-e-pertences\/","title":{"rendered":"MAIS UM CRIME PATRIMONIAL: Bandidos assaltam resid\u00eancia de empres\u00e1rio na zona rural de S\u00e3o Jo\u00e3o do Cariri; roubam carro e pertences"},"content":{"rendered":"\n<p>Na final da manh\u00e3 desta \u00faltima segunda-feira(20) por volta de 11h30, uma fam\u00edlia foi feita de ref\u00e9m e teve pertences e um ve\u00edculo roubados em uma resid\u00eancia na zona rural de S\u00e3o Jo\u00e3o do Cariri, interior da Para\u00edba.<\/p>\n\n\n\n<p>Segundo informa\u00e7\u00f5es colhidas pelo portal De Olho no Cariri, dois criminosos armados abordaram o s\u00e3ojo\u00e3oense Marcone Meira, conhecido popularmente como Marcone da Lenha, na BR-412. O crime ocorreu nas proximidades de sua casa, que fica localizada no S\u00edtio Santa Clara, zona rural do munic\u00edpio.<\/p>\n\n\n\n<p>Os bandidos obrigaram a v\u00edtima a levarem at\u00e9 a sua resid\u00eancia e chegando l\u00e1, abordaram os demais integrantes da fam\u00edlia e os fizeram ref\u00e9ns em um galp\u00e3o da casa.<\/p>\n\n\n\n<p>Na a\u00e7\u00e3o, os criminosos subtra\u00edram v\u00e1rios objetos, dentre celulares, 1 TV 43 polegadas, 2 espingardas, bijuterias, perfumes, uma quantia em dinheiro e um ve\u00edculo Fiat Uno cor azul ano 2011.<\/p>\n\n\n\n<p>Segundo policiais militares, os dois assaltantes estavam usando m\u00e1scaras de hospital. Um teria aproximadamente 40 anos de idade, moreno e magro e o outro bem mais jovem, cerca de 25 anos de cor branca e sendo bem agressivo.<\/p>\n\n\n\n<p>A Pol\u00edcia Militar faz dilig\u00eancias pela regi\u00e3o na tentativa de capturar os criminosos.<\/p>\n\n\n\n<p><strong>De Olho no Cariri<\/strong><\/p>\n","protected":false},"excerpt":{"rendered":"<p>Na final da manh\u00e3 desta \u00faltima segunda-feira(20) por volta de 11h30, uma fam\u00edlia foi feita de ref\u00e9m e teve pertences e um ve\u00edculo roubados em&hellip; <\/p>\n","protected":false},"author":2,"featured_media":164670,"comment_status":"closed","ping_status":"closed","sticky":false,"template":"","format":"standard","meta":{"sfsi_plus_gutenberg_text_before_share":"","sfsi_plus_gutenberg_show_text_before_share":"","sfsi_plus_gutenberg_icon_type":"","sfsi_plus_gutenberg_icon_alignemt":"","sfsi_plus_gutenburg_max_per_row":"","footnotes":""},"categories":[12],"tags":[],"class_list":["post-165173","post","type-post","status-publish","format-standard","has-post-thumbnail","hentry","category-policia"],"_links":{"self":[{"href":"https:\/\/www.caririemacao.com\/1\/wp-json\/wp\/v2\/posts\/165173","targetHints":{"allow":["GET"]}}],"collection":[{"href":"https:\/\/www.caririemacao.com\/1\/wp-json\/wp\/v2\/posts"}],"about":[{"href":"https:\/\/www.caririemacao.com\/1\/wp-json\/wp\/v2\/types\/post"}],"author":[{"embeddable":true,"href":"https:\/\/www.caririemacao.com\/1\/wp-json\/wp\/v2\/users\/2"}],"replies":[{"embeddable":true,"href":"https:\/\/www.caririemacao.com\/1\/wp-json\/wp\/v2\/comments?post=165173"}],"version-history":[{"count":1,"href":"https:\/\/www.caririemacao.com\/1\/wp-json\/wp\/v2\/posts\/165173\/revisions"}],"predecessor-version":[{"id":165174,"href":"https:\/\/www.caririemacao.com\/1\/wp-json\/wp\/v2\/posts\/165173\/revisions\/165174"}],"wp:featuredmedia":[{"embeddable":true,"href":"https:\/\/www.caririemacao.com\/1\/wp-json\/wp\/v2\/media\/164670"}],"wp:attachment":[{"href":"https:\/\/www.caririemacao.com\/1\/wp-json\/wp\/v2\/media?parent=165173"}],"wp:term":[{"taxonomy":"category","embeddable":true,"href":"https:\/\/www.caririemacao.com\/1\/wp-json\/wp\/v2\/categories?post=165173"},{"taxonomy":"post_tag","embeddable":true,"href":"https:\/\/www.caririemacao.com\/1\/wp-json\/wp\/v2\/tags?post=165173"}],"curies":[{"name":"wp","href":"https:\/\/api.w.org\/{rel}","templated":true}]}}