{"id":165179,"date":"2020-04-21T15:13:21","date_gmt":"2020-04-21T18:13:21","guid":{"rendered":"http:\/\/www.caririemacao.com\/1\/?p=165179"},"modified":"2020-04-21T15:13:22","modified_gmt":"2020-04-21T18:13:22","slug":"adolescente-morre-apos-sofrer-descarga-eletrica-na-zona-rural-de-monteiro","status":"publish","type":"post","link":"https:\/\/www.caririemacao.com\/1\/2020\/04\/21\/adolescente-morre-apos-sofrer-descarga-eletrica-na-zona-rural-de-monteiro\/","title":{"rendered":"Adolescente morre ap\u00f3s sofrer descarga el\u00e9trica na zona rural de Monteiro"},"content":{"rendered":"\n<p>Um adolescente de 14 anos morreu nesta segunda-feira , 20, ap\u00f3s sofrer uma descarga el\u00e9trica na zona rural do munic\u00edpio de Monteiro, no Cariri Paraibano.<\/p>\n\n\n\n<p>De acordo com informa\u00e7\u00f5es, o adolescente In\u00e1cio Lucas, sofreu o choque no momento em que tentou passar por uma cerca, onde havia uma fia\u00e7\u00e3o el\u00e9trica.<\/p>\n\n\n\n<p>O adolescente residia no S\u00edtio Salinas, tamb\u00e9m na zona rural de Monteiro, e morreu no local. O corpo foi encaminhado para o N\u00facleo de Medicina e Odontologia Legal de Campina Grande.<\/p>\n","protected":false},"excerpt":{"rendered":"<p>Um adolescente de 14 anos morreu nesta segunda-feira , 20, ap\u00f3s sofrer uma descarga el\u00e9trica na zona rural do munic\u00edpio de Monteiro, no Cariri Paraibano.&hellip; <\/p>\n","protected":false},"author":2,"featured_media":165180,"comment_status":"closed","ping_status":"closed","sticky":false,"template":"","format":"standard","meta":{"sfsi_plus_gutenberg_text_before_share":"","sfsi_plus_gutenberg_show_text_before_share":"","sfsi_plus_gutenberg_icon_type":"","sfsi_plus_gutenberg_icon_alignemt":"","sfsi_plus_gutenburg_max_per_row":"","footnotes":""},"categories":[12],"tags":[],"class_list":["post-165179","post","type-post","status-publish","format-standard","has-post-thumbnail","hentry","category-policia"],"_links":{"self":[{"href":"https:\/\/www.caririemacao.com\/1\/wp-json\/wp\/v2\/posts\/165179","targetHints":{"allow":["GET"]}}],"collection":[{"href":"https:\/\/www.caririemacao.com\/1\/wp-json\/wp\/v2\/posts"}],"about":[{"href":"https:\/\/www.caririemacao.com\/1\/wp-json\/wp\/v2\/types\/post"}],"author":[{"embeddable":true,"href":"https:\/\/www.caririemacao.com\/1\/wp-json\/wp\/v2\/users\/2"}],"replies":[{"embeddable":true,"href":"https:\/\/www.caririemacao.com\/1\/wp-json\/wp\/v2\/comments?post=165179"}],"version-history":[{"count":1,"href":"https:\/\/www.caririemacao.com\/1\/wp-json\/wp\/v2\/posts\/165179\/revisions"}],"predecessor-version":[{"id":165181,"href":"https:\/\/www.caririemacao.com\/1\/wp-json\/wp\/v2\/posts\/165179\/revisions\/165181"}],"wp:featuredmedia":[{"embeddable":true,"href":"https:\/\/www.caririemacao.com\/1\/wp-json\/wp\/v2\/media\/165180"}],"wp:attachment":[{"href":"https:\/\/www.caririemacao.com\/1\/wp-json\/wp\/v2\/media?parent=165179"}],"wp:term":[{"taxonomy":"category","embeddable":true,"href":"https:\/\/www.caririemacao.com\/1\/wp-json\/wp\/v2\/categories?post=165179"},{"taxonomy":"post_tag","embeddable":true,"href":"https:\/\/www.caririemacao.com\/1\/wp-json\/wp\/v2\/tags?post=165179"}],"curies":[{"name":"wp","href":"https:\/\/api.w.org\/{rel}","templated":true}]}}