{"id":165193,"date":"2020-04-22T06:23:55","date_gmt":"2020-04-22T09:23:55","guid":{"rendered":"http:\/\/www.caririemacao.com\/1\/?p=165193"},"modified":"2020-04-22T08:39:12","modified_gmt":"2020-04-22T11:39:12","slug":"prefeitura-de-manaus-abre-valas-comuns-em-cemiterio-para-enterrar-vitimas-de-coronavirus","status":"publish","type":"post","link":"https:\/\/www.caririemacao.com\/1\/2020\/04\/22\/prefeitura-de-manaus-abre-valas-comuns-em-cemiterio-para-enterrar-vitimas-de-coronavirus\/","title":{"rendered":"Prefeitura de Manaus abre valas comuns em cemit\u00e9rio para enterrar v\u00edtimas de coronav\u00edrus"},"content":{"rendered":"\n<p>Ap\u00f3s anunciar a instala\u00e7\u00e3o de cont\u00eaineres frigor\u00edficos, a Prefeitura de Manaus informou, nesta ter\u00e7a-feira (21), que est\u00e1 fazendo valas comuns, chamadas pelo \u00f3rg\u00e3o de trincheiras, para enterrar v\u00edtimas do novo coronav\u00edrus no cemit\u00e9rio p\u00fablico Nossa Senhora Aparecida, no bairro Tarum\u00e3, Zona Oeste da capital. At\u00e9 o boletim desta segunda-feira (20), Manaus j\u00e1 registrava 156 mortes por Covid-19. No estado, o n\u00famero de casos confirmados chegou a 2.160, com 182 mortes no total.<\/p>\n\n\n\n<p>O r\u00e1pido aumento de mortes por Covid-19 no estado fez com que dezenas de covas fosse abertas no mesmo cemit\u00e9rio, desde a \u00faltima sexta-feira (17). Segundo informa\u00e7\u00f5es da prefeitura, desde mar\u00e7o, houve um acr\u00e9scimo de aproximadamente 50% na demanda. Cart\u00f3rios da capital tamb\u00e9m estenderam o regime de plant\u00e3o para atender alta demanda de registro de \u00f3bito.<\/p>\n\n\n\n<p>Nesta ter\u00e7a-feira (20), a Prefeitura de Manaus informa, por meio de nota, que devido ao grande aumento no n\u00famero de sepultamentos realizados no cemit\u00e9rio, a Secretaria Municipal de Limpeza Urbana (Semulsp) adotou o sistema de trincheiras para realizar o enterro das v\u00edtimas de Covid-19.<\/p>\n\n\n\n<p>\u201cA metodologia, j\u00e1 utilizada em outros pa\u00edses, preserva a identidade dos corpos e os la\u00e7os familiares, com o distanciamento entre os caix\u00f5es e com a identifica\u00e7\u00e3o das sepulturas. A medida foi necess\u00e1ria para atender a demanda de sepultamentos na capital\u201d, disse a nota.<\/p>\n\n\n\n<p>Nesta segunda-feira (20), a Semulsp j\u00e1 havia informado ao G1 que teve que instalar cont\u00eainers frigor\u00edficos no cemit\u00e9rio para comportar caix\u00f5es que aguardavam sepultamento. V\u00eddeos que circulam nas redes sociais mostram filas de carros de funer\u00e1rias aguardam para sepultar corpos.<\/p>\n\n\n\n<p>A medida visa dar mais agilidade ao servi\u00e7o SOS Funeral, que, hoje, \u00e9 o \u00fanico dispon\u00edvel para popula\u00e7\u00e3o mais vulner\u00e1vel de forma gratuita, para realizar o enterro das pessoas que n\u00e3o t\u00eam condi\u00e7\u00f5es para arcar com as custas do sepultamento.<\/p>\n\n\n\n<p>\u201cAs c\u00e2maras est\u00e3o sendo utilizadas para o armazenamento dos caix\u00f5es, enquanto os familiares aguardam o momento do enterro, sem a necessidade do ve\u00edculo do SOS Funeral ficar aguardando a libera\u00e7\u00e3o, j\u00e1 podendo retornar \u00e0 base para novo chamado\u201d, pontua a nota da Semulsp.<\/p>\n\n\n\n<p>Cont\u00eaineres frigor\u00edficos tamb\u00e9m foram instalados, pelo Governo do Amazonas, em unidades hospitalares de Manaus, ap\u00f3s a repercuss\u00e3o de um v\u00eddeo que mostra corpos com suspeita de Covid-19 posicionados dentro do Hospital Jo\u00e3o L\u00facio, Zona Leste, ao lado de pacientes internados.<\/p>\n\n\n\n<p><strong>Pacientes morrem \u00e0 espera de leito<\/strong><\/p>\n\n\n\n<p>Internada h\u00e1 quatro dias na rede p\u00fablica de sa\u00fade do Amazonas, Dona Maria das Gra\u00e7as, de 63 anos de idade, morreu com suspeita de Covid-19 nesta segunda-feira (20). Ela esperava uma transfer\u00eancia de hospital para ter acesso a uma Unidade de Tratamento Intensivo (UTI), mas foi a \u00f3bito antes de conseguir. A fam\u00edlia denunciou descaso m\u00e9dico no caso.<\/p>\n\n\n\n<p>A filha, em entrevista \u00e0 Rede Amaz\u00f4nica, ao comentar o caso, denunciou descaso de m\u00e9dicos e enfermeiros. \u201dFoi uma espera angustiante do in\u00edcio ao fim\u201d, comentou.<\/p>\n\n\n\n<p>A Secretaria de Sa\u00fade do Estado (Susam) afirmou que a paciente seria transferida do SPA do S\u00e3o Raimundo, em Manaus, para o hospital universit\u00e1rio Get\u00falio Vargas \u2013 tamb\u00e9m na capital. A transfer\u00eancia nunca aconteceu, com o agravamento do caso.<\/p>\n\n\n\n<p>O sistema de sa\u00fade da rede p\u00fablico do Amazonas sofre um colapso iminente e j\u00e1 tem 91% dos leitos de UTI ocupados. At\u00e9 esta segunda-feira, segundo o governo, entre casos confirmados e suspeitos de Covid-19, h\u00e1 815 pacientes internados no estado.<\/p>\n\n\n\n<p>Segundo o estado, atualmente, o Amazonas possui 682 respiradores cadastrados no Cadastro Nacional de Estabelecimentos de Sa\u00fade (CNES). Desse n\u00famero, 232 est\u00e3o voltados para o atendimento de pacientes com Covid-19, sendo 66% dispon\u00edveis para a pandemia.<\/p>\n\n\n\n<p>Ap\u00f3s den\u00fancias, o Minist\u00e9rio P\u00fablico de Contas do Estado do Amazonas iniciou uma investiga\u00e7\u00e3o e cobra respostas do governo sobre a compra de 28 respiradores pulmonares para a rede p\u00fablica de sa\u00fade no valor de R$ 2 milh\u00f5es e 970 mil. O MPC informou que o custo teve uma m\u00e9dia de R$ 106 mil e 200 por unidade.<\/p>\n\n\n\n<p>De acordo com o documento do Gabinete do Procurador Geral de Contas, assinado por Jo\u00e3o Barroso de Souza, o Governo Federal tem adquirido os mesmos respiradores ao pre\u00e7o unit\u00e1rio de R$ 57.300. O procurador-geral relata que o valor \u00e9 quase metade do pre\u00e7o dos equipamentos que o Amazonas adquiriu.<\/p>\n\n\n\n<p><strong>\u2018Tenho medo de morrer e perder minha filha\u2019<\/strong><\/p>\n\n\n\n<p>Na maternidade Balbina Mestrinho, em Manaus, uma dona de casa de 27 anos que est\u00e1 em isolamento com sintomas do novo coronav\u00edrus denuncia a falta de aten\u00e7\u00e3o necess\u00e1ria durante a gravidez. Ela teme perder a vida e a filha.<\/p>\n\n\n\n<p>Na manh\u00e3 desta ter\u00e7a-feira (21), em entrevista ao G1, a dona de casa Suelen Martins, gr\u00e1vida de seis meses, contou que h\u00e1 seis dias passou mal em casa. Ela teve febre alta e tomou medica\u00e7\u00e3o, mas outros sintomas apareceram. Ela ent\u00e3o foi at\u00e9 a maternidade, na Zona Sul de Manaus, onde est\u00e1 internada desde ent\u00e3o.<\/p>\n\n\n\n<p>Ela est\u00e1 em isolamento e respira com ajuda de aparelho dentro de uma \u201csala rosa\u201d, que s\u00e3o \u00e1reas separadas na rede p\u00fablica para atender pacientes de Covid-19. No local h\u00e1 outras duas gr\u00e1vidas.<\/p>\n\n\n\n<p>\u201cH\u00e1 cinco dias eu estava em casa com febre, tomei medica\u00e7\u00f5es e a febre n\u00e3o passava. Comecei a ter v\u00f4mito e tosse. Vim para a maternidade, me colocaram nessa sala rosa estou respirando com a ajuda de oxig\u00eanio pois eu j\u00e1 estava com muita falta de ar. Inicialmente, a m\u00e9dica me atendeu, mas depois fui abandonada\u201d, disse.<\/p>\n\n\n\n<p>Com diversos sintomas, a mulher disse que chegou a realizar o teste do novo coronav\u00edrus, mas at\u00e9 esta ter\u00e7a-feira (21), n\u00e3o recebeu nenhuma confirma\u00e7\u00e3o da maternidade. L\u00e1, ela sofre com falta de estrutura, afirma.<\/p>\n\n\n\n<p>\u201cDesde o dia que entrei, n\u00e3o sei nem o resultado do exame, ficaram de fazer o raio-x e n\u00e3o fizeram. N\u00e3o falam o que eu tenho. Tenho medo de perder minha vida, minha filha. J\u00e1 pensei em ir embora para casa com medo do pior acontecer aqui dentro\u201d.<\/p>\n\n\n\n<p>Em nota, a dire\u00e7\u00e3o da Maternidade Balbina Mestrinho informou que \u201ctodas as pacientes com sintomas respirat\u00f3rios e que buscam a maternidade est\u00e3o sendo acolhidas e tratadas em enfermaria exclusiva, separadas das demais pacientes, conforme fluxo estabelecido para a ocasi\u00e3o\u201d.<\/p>\n\n\n\n<p>\u201cTodas est\u00e3o recebendo acompanhamento m\u00e9dico, com avalia\u00e7\u00e3o di\u00e1ria e prescri\u00e7\u00e3o m\u00e9dica adequada para cada caso. Nenhuma das pacientes tem sintomas graves, por\u00e9m est\u00e3o recebendo todo o atendimento dispensado a casos suspeitos de covid-19\u201d, diz trecho da nota.<\/p>\n\n\n\n<p><strong>Coronav\u00edrus no Amazonas<\/strong><\/p>\n\n\n\n<p>Conforme o \u00faltimo balan\u00e7o divulgado pela Funda\u00e7\u00e3o de Vigil\u00e2ncia em Sa\u00fade (FVS-AM), o Amazonas contabiliza 2.160 casos confirmados no novo coronav\u00edrus. Tamb\u00e9m foram confirmados mais tr\u00eas mortes pela doen\u00e7a, totalizando 185 mortes.<\/p>\n\n\n\n<p>Ainda de acordo com o boletim desta segunda-feira (20), 1.165 pessoas com diagn\u00f3stico de Covid-19 est\u00e3o em isolamento social ou domiciliar, o que corresponde a 53,94% dos casos confirmados no Amazonas. De domingo (19) para segunda-feira, mais 103 pessoas se recuperaram da doen\u00e7a e est\u00e3o fora do per\u00edodo de transmiss\u00e3o do v\u00edrus, totalizando, agora, 635 recuperados.<\/p>\n\n\n\n<p><em>G1<\/em><\/p>\n","protected":false},"excerpt":{"rendered":"<p>Ap\u00f3s anunciar a instala\u00e7\u00e3o de cont\u00eaineres frigor\u00edficos, a Prefeitura de Manaus informou, nesta ter\u00e7a-feira (21), que est\u00e1 fazendo valas comuns, chamadas pelo \u00f3rg\u00e3o de trincheiras,&hellip; <\/p>\n","protected":false},"author":2,"featured_media":165194,"comment_status":"closed","ping_status":"closed","sticky":false,"template":"","format":"standard","meta":{"sfsi_plus_gutenberg_text_before_share":"","sfsi_plus_gutenberg_show_text_before_share":"","sfsi_plus_gutenberg_icon_type":"","sfsi_plus_gutenberg_icon_alignemt":"","sfsi_plus_gutenburg_max_per_row":"","footnotes":""},"categories":[2],"tags":[],"class_list":["post-165193","post","type-post","status-publish","format-standard","has-post-thumbnail","hentry","category-geral"],"_links":{"self":[{"href":"https:\/\/www.caririemacao.com\/1\/wp-json\/wp\/v2\/posts\/165193","targetHints":{"allow":["GET"]}}],"collection":[{"href":"https:\/\/www.caririemacao.com\/1\/wp-json\/wp\/v2\/posts"}],"about":[{"href":"https:\/\/www.caririemacao.com\/1\/wp-json\/wp\/v2\/types\/post"}],"author":[{"embeddable":true,"href":"https:\/\/www.caririemacao.com\/1\/wp-json\/wp\/v2\/users\/2"}],"replies":[{"embeddable":true,"href":"https:\/\/www.caririemacao.com\/1\/wp-json\/wp\/v2\/comments?post=165193"}],"version-history":[{"count":2,"href":"https:\/\/www.caririemacao.com\/1\/wp-json\/wp\/v2\/posts\/165193\/revisions"}],"predecessor-version":[{"id":165266,"href":"https:\/\/www.caririemacao.com\/1\/wp-json\/wp\/v2\/posts\/165193\/revisions\/165266"}],"wp:featuredmedia":[{"embeddable":true,"href":"https:\/\/www.caririemacao.com\/1\/wp-json\/wp\/v2\/media\/165194"}],"wp:attachment":[{"href":"https:\/\/www.caririemacao.com\/1\/wp-json\/wp\/v2\/media?parent=165193"}],"wp:term":[{"taxonomy":"category","embeddable":true,"href":"https:\/\/www.caririemacao.com\/1\/wp-json\/wp\/v2\/categories?post=165193"},{"taxonomy":"post_tag","embeddable":true,"href":"https:\/\/www.caririemacao.com\/1\/wp-json\/wp\/v2\/tags?post=165193"}],"curies":[{"name":"wp","href":"https:\/\/api.w.org\/{rel}","templated":true}]}}