{"id":165200,"date":"2020-04-22T06:26:49","date_gmt":"2020-04-22T09:26:49","guid":{"rendered":"http:\/\/www.caririemacao.com\/1\/?p=165200"},"modified":"2020-04-22T06:26:51","modified_gmt":"2020-04-22T09:26:51","slug":"brasil-nao-assina-termo-da-onu-de-cooperacao","status":"publish","type":"post","link":"https:\/\/www.caririemacao.com\/1\/2020\/04\/22\/brasil-nao-assina-termo-da-onu-de-cooperacao\/","title":{"rendered":"Brasil n\u00e3o assina termo da ONU de coopera\u00e7\u00e3o"},"content":{"rendered":"\n<p>Com o apoio de 179 pa\u00edses, a Assembleia Geral da ONU adotou na noite de segunda-feira uma resolu\u00e7\u00e3o demandando uma a\u00e7\u00e3o global para acelerar rapidamente o desenvolvimento, a produ\u00e7\u00e3o e o acesso \u00e0 rem\u00e9dios, vacinas e equipamentos m\u00e9dicos frente ao novo coronav\u00edrus. O Brasil, ao lado dos Estados Unidos, da Hungria, do Ir\u00e3 e da R\u00fassia, est\u00e1 entre os 14 Estados-membros que n\u00e3o patrocinaram a medida.<\/p>\n\n\n\n<p>Como a Assembleia Geral n\u00e3o est\u00e1 realizando vota\u00e7\u00f5es durante a pandemia, um rascunho da resolu\u00e7\u00e3o circula antecipadamente entre as na\u00e7\u00f5es e, caso um pa\u00eds apresente obje\u00e7\u00f5es antes do prazo, a medida \u00e9 derrotada. Em tempos normais, os documentos s\u00e3o adotadas por vota\u00e7\u00e3o ou consenso.<\/p>\n\n\n\n<p>Na pr\u00e1tica, os 14 pa\u00edses que n\u00e3o patrocinaram o documento n\u00e3o o endossaram, mas tamb\u00e9m n\u00e3o impediram sua implementa\u00e7\u00e3o. O GLOBO entrou em contato com o Itamaraty para saber a raz\u00e3o da posi\u00e7\u00e3o brasileira, mas ainda n\u00e3o obteve resposta.<\/p>\n\n\n\n<p>Apresentada pelo governo mexicano, a medida pede que o secret\u00e1rio-geral da ONU, Ant\u00f3nio Guterres, trabalhe em conjunto com a Organiza\u00e7\u00e3o Mundial da Sa\u00fade para coordenar, identificar e recomendar op\u00e7\u00f5es que garantam o acesso justo, transparente e eficiente a rem\u00e9dios, equipamentos e futuras vacinas, em especial em pa\u00edses em desenvolvimento.<\/p>\n\n\n\n<p>Reafirmando o direito de todas as pessoas ao melhor atendimento de sa\u00fade dispon\u00edvel e reconhecendo a vulnerabilidade dos mais pobres e o impacto que pandemia ter\u00e1 sobre eles, o documento tamb\u00e9m encoraja os Estados-membros a trabalharem em conjunto para aumentar a pesquisa sobre vacinas e medicamentos e a colabora\u00e7\u00e3o cient\u00edfica.<\/p>\n\n\n\n<p>O documento tamb\u00e9m pede para que as na\u00e7\u00f5es e outros grupos interessados tomem a\u00e7\u00f5es legais para impedir o ac\u00famulo e especula\u00e7\u00f5es que podem limitar o acesso de outros aos rem\u00e9dios e equipamentos. Ela tamb\u00e9m pede uma coordena\u00e7\u00e3o mais eficiente, inclusive com o setor privado, para a produ\u00e7\u00e3o de rem\u00e9dios antivirais, equipamentos de produ\u00e7\u00e3o e testes diagn\u00f3sticos.<\/p>\n\n\n\n<p><strong>Apoio aos EUA<\/strong><\/p>\n\n\n\n<p>O presidente dos Estados Unidos, Donald Trump, concretizou h\u00e1 uma semana sua amea\u00e7a de suspender as contribui\u00e7\u00f5es dos EUA \u00e0 OMS, que coordena os esfor\u00e7os globais contra o coronav\u00edrus. Na ocasi\u00e3o, o presidente disse que a organiza\u00e7\u00e3o &#8220;fracassou em seus deveres b\u00e1sicos e deve ser responsabilizada&#8221;. Al\u00e9m disso, ele acusou a organiza\u00e7\u00e3o de &#8220;defender as a\u00e7\u00f5es do governo chin\u00eas, inclusive elogiando a sua assim chamada transpar\u00eancia&#8221;.<\/p>\n\n\n\n<p>Para o ano fiscal de 2020, o Congresso havia autorizado pagamentos de US$ 123 milh\u00f5es \u00e0 OMS \u2014 para o ano seguinte, a proposta da Casa Branca \u00e9 reduzir esse valor para US$ 58 milh\u00f5es, segundo planos divulgados em fevereiro. O pa\u00eds \u00e9 o maior contribuinte para o or\u00e7amento do \u00f3rg\u00e3o.<\/p>\n\n\n\n<p>Tal qual a postura de Trump, acusado de racismo por insistir em chamar o coronav\u00edrus de \u201cv\u00edrus chin\u00eas\u201d, representantes do governo brasileiro tamb\u00e9m miraram a China em suas falas sobre a pandemia. O ministro da Educa\u00e7\u00e3o, Abraham Weintraub, acusou Pequim, sem embasamento, de esconder informa\u00e7\u00f5es sobre a doen\u00e7a para posteriormente lucrar com leil\u00f5es. O deputado federal Eduardo Bolsonaro (PSL-SP), por sua vez, responsabilizou os chineses pela pandemia, comparando-o com o governo sovi\u00e9tico no desastre nuclear de Chernobyl, quando as autoridades esconderam e negaram inicialmente o desastre.<\/p>\n\n\n\n<p>O presidente Jair Bolsonaro, por sua vez, se envolveu em pol\u00eamicas com a Organiza\u00e7\u00e3o Mundial da Sa\u00fade no que diz respeito aos esfor\u00e7os de combate ao Covid-19, descontextualizando um trecho da fala do diretor-geral da organiza\u00e7\u00e3o, Tedros Adhanom Ghebreyesus, para refor\u00e7ar que as pessoas deveriam voltar a trabalhar para se sustentar.<\/p>\n\n\n\n<p>No ano passado, o Brasil rompeu uma tradi\u00e7\u00e3o de 27 anos e votou contra uma resolu\u00e7\u00e3o da ONU que condenava e pedia o fim do embargo dos EUA a Cuba, aliando-se ao governo americano. Ao lado de&nbsp; ambos, esteve apenas o governo de Israel, com absten\u00e7\u00f5es da Ucr\u00e2nia e da Col\u00f4mbia.<\/p>\n","protected":false},"excerpt":{"rendered":"<p>Com o apoio de 179 pa\u00edses, a Assembleia Geral da ONU adotou na noite de segunda-feira uma resolu\u00e7\u00e3o demandando uma a\u00e7\u00e3o global para acelerar rapidamente&hellip; <\/p>\n","protected":false},"author":2,"featured_media":165201,"comment_status":"closed","ping_status":"closed","sticky":false,"template":"","format":"standard","meta":{"sfsi_plus_gutenberg_text_before_share":"","sfsi_plus_gutenberg_show_text_before_share":"","sfsi_plus_gutenberg_icon_type":"","sfsi_plus_gutenberg_icon_alignemt":"","sfsi_plus_gutenburg_max_per_row":"","footnotes":""},"categories":[11],"tags":[],"class_list":["post-165200","post","type-post","status-publish","format-standard","has-post-thumbnail","hentry","category-politica"],"_links":{"self":[{"href":"https:\/\/www.caririemacao.com\/1\/wp-json\/wp\/v2\/posts\/165200","targetHints":{"allow":["GET"]}}],"collection":[{"href":"https:\/\/www.caririemacao.com\/1\/wp-json\/wp\/v2\/posts"}],"about":[{"href":"https:\/\/www.caririemacao.com\/1\/wp-json\/wp\/v2\/types\/post"}],"author":[{"embeddable":true,"href":"https:\/\/www.caririemacao.com\/1\/wp-json\/wp\/v2\/users\/2"}],"replies":[{"embeddable":true,"href":"https:\/\/www.caririemacao.com\/1\/wp-json\/wp\/v2\/comments?post=165200"}],"version-history":[{"count":1,"href":"https:\/\/www.caririemacao.com\/1\/wp-json\/wp\/v2\/posts\/165200\/revisions"}],"predecessor-version":[{"id":165202,"href":"https:\/\/www.caririemacao.com\/1\/wp-json\/wp\/v2\/posts\/165200\/revisions\/165202"}],"wp:featuredmedia":[{"embeddable":true,"href":"https:\/\/www.caririemacao.com\/1\/wp-json\/wp\/v2\/media\/165201"}],"wp:attachment":[{"href":"https:\/\/www.caririemacao.com\/1\/wp-json\/wp\/v2\/media?parent=165200"}],"wp:term":[{"taxonomy":"category","embeddable":true,"href":"https:\/\/www.caririemacao.com\/1\/wp-json\/wp\/v2\/categories?post=165200"},{"taxonomy":"post_tag","embeddable":true,"href":"https:\/\/www.caririemacao.com\/1\/wp-json\/wp\/v2\/tags?post=165200"}],"curies":[{"name":"wp","href":"https:\/\/api.w.org\/{rel}","templated":true}]}}