{"id":165219,"date":"2020-04-22T06:41:51","date_gmt":"2020-04-22T09:41:51","guid":{"rendered":"http:\/\/www.caririemacao.com\/1\/?p=165219"},"modified":"2020-04-22T06:41:53","modified_gmt":"2020-04-22T09:41:53","slug":"presidente-bolsonaro-dosou-o-discurso-apos-pressao-de-militares","status":"publish","type":"post","link":"https:\/\/www.caririemacao.com\/1\/2020\/04\/22\/presidente-bolsonaro-dosou-o-discurso-apos-pressao-de-militares\/","title":{"rendered":"Presidente Bolsonaro \u2018dosou\u2019 o discurso ap\u00f3s press\u00e3o de militares"},"content":{"rendered":"\n<p>Sob press\u00e3o da c\u00fapula fardada, do Judici\u00e1rio e do Legislativo, Jair Bolsonaro modulou seu discurso, afirmou que a \u201cdemocracia\u201d e a \u201cliberdade\u201d est\u00e3o acima de tudo e disse que ele \u00e9 a Constitui\u00e7\u00e3o, um dia depois de ter participado de manifesta\u00e7\u00e3o diante do quartel-general do Ex\u00e9rcito que tinha entre suas bandeiras uma interven\u00e7\u00e3o militar.<\/p>\n\n\n\n<p>A mudan\u00e7a de tom do presidente da Rep\u00fablica nesta segunda-feira (20) foi seguida por um comunicado oficial, horas depois, do ministro da Defesa, general Fernando Azevedo e Silva, defendendo que as For\u00e7as Armadas t\u00eam como prop\u00f3sito manter a \u201cpaz\u201d e a \u201cestabilidade\u201d e s\u00e3o sempre obedientes \u00e0 Constitui\u00e7\u00e3o.<\/p>\n\n\n\n<p>A posi\u00e7\u00e3o faz parte de um esfor\u00e7o iniciado por militares do governo para evitar que o gesto do presidente no domingo (19) crie uma crise institucional. Naquele dia, Bolsonaro discursou a um grupo de apoiadores que pregavam a edi\u00e7\u00e3o de um novo AI-5, o mais radical ato institucional da ditadura militar (1964-1985).<\/p>\n\n\n\n<p>Antes da divulga\u00e7\u00e3o do comunicado, o ministro da Defesa participou de teleconfer\u00eancia com os comandantes de Ex\u00e9rcito, Marinha e Aeron\u00e1utica. A presen\u00e7a do presidente no protesto foi avaliada por integrantes do n\u00facleo fardado do Pal\u00e1cio do Planalto como despropositada.<\/p>\n\n\n\n<p>\u201cAs For\u00e7as Armadas trabalham com o prop\u00f3sito de manter a paz e a estabilidade do pa\u00eds, sempre obedientes \u00e0 Constitui\u00e7\u00e3o Federal. O momento que se apresenta exige entendimento e esfor\u00e7o de todos os brasileiros\u201d, afirmou a nota.<\/p>\n\n\n\n<p>O ministro salientou que \u201cnenhum pa\u00eds\u201d estava preparado para a atual pandemia e que a nova realidade requer adapta\u00e7\u00e3o das For\u00e7as Armadas para combater um inimigo comum a todos: \u201cO coronav\u00edrus e suas consequ\u00eancias sociais\u201d.<\/p>\n\n\n\n<p>No domingo, de acordo com assessores palacianos, o presidente da Rep\u00fablica foi aconselhado a n\u00e3o comparecer \u00e0 manifesta\u00e7\u00e3o, o que ignorou.<\/p>\n\n\n\n<p>Ap\u00f3s o protesto, ele se reuniu com ministros militares. Segundo relatos feitos \u00e0 reportagem, recebeu a avalia\u00e7\u00e3o de que a sua presen\u00e7a poderia ter sido evitada e acabou acirrando \u00e2nimos no pa\u00eds, sobretudo no momento em que se exige esfor\u00e7o conjunto no combate \u00e0 crise sanit\u00e1ria diante do coronav\u00edrus.<\/p>\n\n\n\n<p>Nesta segunda-feira, Bolsonaro seguiu o conselho da c\u00fapula fardada e modulou seu discurso p\u00fablico. Em frente ao Pal\u00e1cio da Alvorada, pela manh\u00e3, ressaltou que, no que depender dele, \u201cdemocracia\u201d e \u201cliberdade\u201d est\u00e3o acima de tudo.<\/p>\n\n\n\n<p>\u201cO pessoal geralmente conspira para chegar ao poder. Eu j\u00e1 estou no poder. Eu j\u00e1 sou o presidente da Rep\u00fablica\u201d, disse. \u201cEu sou, realmente, a Constitui\u00e7\u00e3o\u201d, acrescentou.<\/p>\n\n\n\n<p>Em uma breve entrevista, o presidente se mostrou bastante incomodado com as cr\u00edticas que recebeu por participar da manifesta\u00e7\u00e3o e disse que, durante o protesto, n\u00e3o atacou nem o Judici\u00e1rio nem o Legislativo.<\/p>\n\n\n\n<p>\u201cPeguem o meu discurso. N\u00e3o falei nada contra qualquer outro poder. Muito pelo contr\u00e1rio.<\/p>\n\n\n\n<p>Queremos voltar ao trabalho, o povo quer isso\u201d, disse. \u201c\u00c9 isso, mais nada. Fora isso \u00e9 invencionice, tentativa de incendiar a na\u00e7\u00e3o que ainda est\u00e1 dentro da normalidade\u201d, emendou.<\/p>\n\n\n\n<p>Al\u00e9m da defesa de um novo AI-5, o ato que permitiu o fechamento do Congresso Nacional durante a ditadura militar, a manifesta\u00e7\u00e3o do domingo levantava bandeiras contra o Legislativo e o Judici\u00e1rio.<\/p>\n\n\n\n<p>Ainda na noite da manifesta\u00e7\u00e3o, o presidente do STF (Supremo Tribunal Federal), Dias Toffoli, falou ao telefone com os ministros e generais Luiz Eduardo Ramos (Secretaria de Governo) e Fernando Azevedo, que j\u00e1 foi assessor do magistrado.<\/p>\n\n\n\n<p>Toffoli se queixou da ambiguidade das declara\u00e7\u00f5es de Bolsonaro. Para ele, o presidente ora defende as institui\u00e7\u00f5es democr\u00e1ticas ora apoia atos favor\u00e1veis \u00e0 ditadura. Segundo assessores presidenciais, o comunicado emitido por Azevedo teve como objetivo responder a essa d\u00favida e pacificar a rela\u00e7\u00e3o entre os Poderes.<\/p>\n\n\n\n<p>O presidente do STF, em mais de uma oportunidade, atuou para apaziguar os \u00e2nimos entre Bolsonaro e a c\u00fapula da C\u00e2mara e do Senado.<\/p>\n\n\n\n<p>Nesta segunda-feira, por exemplo, Toffoli fez quest\u00e3o de exaltar as seis entidades que assinaram o \u201cPacto pela vida e pelo Brasil\u201d e emitiu uma nota circular para todos os ministros para informar que recebeu o documento.<\/p>\n\n\n\n<p>\u201c\u00c9 valoroso lembrar, neste momento, da import\u00e2ncia que essas seis institui\u00e7\u00f5es da sociedade civil tiveram na redemocratiza\u00e7\u00e3o do pa\u00eds, no processo constituinte que sintetizou os objetivos fundamentais da Rep\u00fablica Federativa do Brasil\u201d, escreveu.<\/p>\n\n\n\n<p>Al\u00e9m da OAB e da CNBB, tamb\u00e9m participam do movimento a Comiss\u00e3o Arns (Comiss\u00e3o de Defesa dos Direitos Humanos Dom Paulo Evaristo Arns), ABC (Academia Brasileira de Ci\u00eancias), ABI (Associa\u00e7\u00e3o Brasileira de Imprensa), e SBPC (Sociedade Brasileira para o Progresso da Ci\u00eancia).<\/p>\n\n\n\n<p>Ao longo do dia, ministros militares entraram em contato com l\u00edderes partid\u00e1rios para esclarecer que, apesar de Bolsonaro ter comparecido ao protesto, ele n\u00e3o havia defendido o AI-5 ou adotado um discurso contr\u00e1rio ao Congresso.<\/p>\n\n\n\n<p>Na porta do Alvorada, ap\u00f3s o conselho dos militares, o presidente deu um pito em um apoiador que pediu que ele fechasse o Supremo. \u201cEsquece essa conversa de fechar. Aqui n\u00e3o tem fechar nada, d\u00e1 licen\u00e7a a\u00ed. Aqui \u00e9 democracia.\u201d<\/p>\n\n\n\n<p>Apesar do discurso favor\u00e1vel \u00e0 democracia, Bolsonaro voltou a atacar os ve\u00edculos de imprensa. Ele disse que s\u00f3 ele falaria e estava dispensado quem n\u00e3o quisesse ouvi-lo.<\/p>\n\n\n\n<p>\u201cO Estado de S. Paulo e Folha de S.Paulo, a mesma manchete. Combinados\u201d, disse. \u201cTentando levar a opini\u00e3o p\u00fablica para o lado de que eu quero o retrocesso?\u201d, questionou.<\/p>\n\n\n\n<p>O ministro da Economia, Paulo Guedes, saiu em defesa do presidente. Afirmou que Bolsonaro \u00e9 \u201cdemocrata\u201d. E que a democracia \u201cfaz barulho\u201d. Segundo ele, se tiver uma passeata com bandeira do Brasil, o presidente participa dela.<\/p>\n\n\n\n<p>O discurso de Bolsonaro no domingo, no qual disse \u201cchega de velha pol\u00edtica\u201d e afirmou que \u201cn\u00f3s n\u00e3o queremos negociar nada\u201d, ocorreu num momento em que o governo, nos bastidores, avan\u00e7a com ofertas de cargos a partidos do chamado centr\u00e3o, em ofensiva para isolar cada vez mais o presidente da C\u00e2mara, Rodrigo Maia (DEM-RJ), e formar uma base que lhe garanta vit\u00f3rias no Parlamento.<\/p>\n","protected":false},"excerpt":{"rendered":"<p>Sob press\u00e3o da c\u00fapula fardada, do Judici\u00e1rio e do Legislativo, Jair Bolsonaro modulou seu discurso, afirmou que a \u201cdemocracia\u201d e a \u201cliberdade\u201d est\u00e3o acima de&hellip; <\/p>\n","protected":false},"author":2,"featured_media":164678,"comment_status":"closed","ping_status":"closed","sticky":false,"template":"","format":"standard","meta":{"sfsi_plus_gutenberg_text_before_share":"","sfsi_plus_gutenberg_show_text_before_share":"","sfsi_plus_gutenberg_icon_type":"","sfsi_plus_gutenberg_icon_alignemt":"","sfsi_plus_gutenburg_max_per_row":"","footnotes":""},"categories":[11],"tags":[],"class_list":["post-165219","post","type-post","status-publish","format-standard","has-post-thumbnail","hentry","category-politica"],"_links":{"self":[{"href":"https:\/\/www.caririemacao.com\/1\/wp-json\/wp\/v2\/posts\/165219","targetHints":{"allow":["GET"]}}],"collection":[{"href":"https:\/\/www.caririemacao.com\/1\/wp-json\/wp\/v2\/posts"}],"about":[{"href":"https:\/\/www.caririemacao.com\/1\/wp-json\/wp\/v2\/types\/post"}],"author":[{"embeddable":true,"href":"https:\/\/www.caririemacao.com\/1\/wp-json\/wp\/v2\/users\/2"}],"replies":[{"embeddable":true,"href":"https:\/\/www.caririemacao.com\/1\/wp-json\/wp\/v2\/comments?post=165219"}],"version-history":[{"count":1,"href":"https:\/\/www.caririemacao.com\/1\/wp-json\/wp\/v2\/posts\/165219\/revisions"}],"predecessor-version":[{"id":165220,"href":"https:\/\/www.caririemacao.com\/1\/wp-json\/wp\/v2\/posts\/165219\/revisions\/165220"}],"wp:featuredmedia":[{"embeddable":true,"href":"https:\/\/www.caririemacao.com\/1\/wp-json\/wp\/v2\/media\/164678"}],"wp:attachment":[{"href":"https:\/\/www.caririemacao.com\/1\/wp-json\/wp\/v2\/media?parent=165219"}],"wp:term":[{"taxonomy":"category","embeddable":true,"href":"https:\/\/www.caririemacao.com\/1\/wp-json\/wp\/v2\/categories?post=165219"},{"taxonomy":"post_tag","embeddable":true,"href":"https:\/\/www.caririemacao.com\/1\/wp-json\/wp\/v2\/tags?post=165219"}],"curies":[{"name":"wp","href":"https:\/\/api.w.org\/{rel}","templated":true}]}}