{"id":165232,"date":"2020-04-22T08:17:37","date_gmt":"2020-04-22T11:17:37","guid":{"rendered":"http:\/\/www.caririemacao.com\/1\/?p=165232"},"modified":"2020-04-22T08:17:39","modified_gmt":"2020-04-22T11:17:39","slug":"auxilio-emergencial-mais-de-5-milhoes-receberao-nesta-4a-feira","status":"publish","type":"post","link":"https:\/\/www.caririemacao.com\/1\/2020\/04\/22\/auxilio-emergencial-mais-de-5-milhoes-receberao-nesta-4a-feira\/","title":{"rendered":"Aux\u00edlio emergencial: mais de 5 milh\u00f5es receber\u00e3o nesta 4a feira"},"content":{"rendered":"\n<p>&nbsp;Nesta quarta (22), mais de 5 milh\u00f5es de trabalhadores v\u00e3o receber o aux\u00edlio emergencial, segundo a Dataprev, respons\u00e1vel pela an\u00e1lise dos pedidos. Ser\u00e3o pagos, no total, mais de R$ 4,3 bilh\u00f5es para 1,2 milh\u00e3o de benefici\u00e1rios do Cad\u00danico e 4,1 milh\u00f5es de pessoas que se cadastraram pelo aplicativo CAIXA | Aux\u00edlio Emergencial e site auxilio.caixa.gov.br.<\/p>\n\n\n\n<p>Para confirmar se est\u00e1 neste lote, acesse o site ou aplicativo do programa e clique \u201cAcompanhe sua solicita\u00e7\u00e3o\u201d. Informe o CPF do benefici\u00e1rio e clique em \u201cN\u00e3o sou um rob\u00f4\u201d. Depois, em \u201cContinuar\u201d.<\/p>\n\n\n\n<p>Tamb\u00e9m receber\u00e3o o aux\u00edlio mais de quase 2 milh\u00f5es de pessoas inscritas no Bolsa Fam\u00edlia, com NIS final 4, seguindo o calend\u00e1rio regular do programa.<\/p>\n\n\n\n<p>Ainda n\u00e3o \u00e9 poss\u00edvel sacar os R$ 600 na boca do caixa. Por enquanto, o dep\u00f3sito do valor ser\u00e1 feito diretamente na conta indicada pelo trabalhador. N\u00e3o adianta ir a uma ag\u00eancia da Caixa, \u00e9 preciso aguardar.<\/p>\n\n\n\n<p>Confira o calend\u00e1rio de saques:<br>27 de abril \u2013 nascidos em janeiro e fevereiro<br>28 de abril \u2013 nascidos em mar\u00e7o e abril<br>29 de abril \u2013 nascidos em maio e junho<br>30 de abril \u2013 nascidos julho e agosto<br>04 de maio \u2013 nascidos em setembro e outubro<br>05 de maio \u2013 nascidos em novembro e dezembro<\/p>\n\n\n\n<p>At\u00e9 agora, mais de 43 milh\u00f5es de CPFs eleg\u00edveis para ao aux\u00edlio emergencial pela Dataprev e validados pelo Minist\u00e9rio da Cidadania foram liberados para a Caixa para verifica\u00e7\u00e3o final e pagamento. Deste total, 13.182.931 fazem parte do Grupo 1 \u2013 composto pelos MEIs (microempreendedores individuais), contribuintes individuais e trabalhadores informais.<\/p>\n\n\n\n<p>J\u00e1 no Grupo 2, que inclui inscritos no Cad\u00danico e benefici\u00e1rios do Bolsa Fam\u00edlia, foram identificados mais de 19 milh\u00f5es com direito ao aux\u00edlio emergencial. E o Grupo 3 j\u00e1 soma quase 11 milh\u00f5es de trabalhadores com o direito e abrange inscritos no Cad\u00danico e n\u00e3o benefici\u00e1rios do Bolsa Fam\u00edlia.<\/p>\n\n\n\n<p>A Dataprev estima concluir ainda nesta quarta (22) o processamento de dados de mais de 9,9 milh\u00f5es de brasileiros e liberar os que se enquadram nas regras do aux\u00edlio emergencial para o pagamento pela Caixa.<\/p>\n\n\n\n<p><strong>REGULARIZA\u00c7\u00c3O DE CPF<\/strong><\/p>\n\n\n\n<p>Segundo a Dataprev, os sistemas j\u00e1 foram atualizados para processar os 13,6 milh\u00f5es de novos CPFs regularizados pela Receita Federal com o Minist\u00e9rio da Cidadania.<br>Quem est\u00e1 sem CPF ou com o documento suspenso tem que regularizar a pend\u00eancia para receber o aux\u00edlio. A Receita Federal est\u00e1 emitindo o CPF (Cadastro de Pessoa F\u00edsica) por email, sem custo para o contribuinte.<\/p>\n\n\n\n<p>Al\u00e9m de impedir que o cidad\u00e3o v\u00e1 at\u00e9 um posto da Receita ou a ag\u00eancias da Caixa, do Banco do Brasil e dos Correios, evitando aglomera\u00e7\u00f5es, a iniciativa tamb\u00e9m facilita a vida de m\u00e3es que precisam tirar o CPF dos filhos para receber o aux\u00edlio emergencial do governo federal.<\/p>\n\n\n\n<p>Para conseguir a emiss\u00e3o do documento, h\u00e1 um email espec\u00edfico, conforme a regi\u00e3o do pa\u00eds onde o contribuinte mora.<\/p>\n\n\n\n<p>Quem mora no estado de S\u00e3o Paulo deve enviar a solicita\u00e7\u00e3o ao email&nbsp;atendimentorfb.08@rfb.gov.br.&nbsp;\u00c9 preciso informar no assunto o tipo de pedido, que, neste caso, \u00e9 \u201cEmiss\u00e3o de CPF\u201d.<\/p>\n\n\n\n<p><strong>CADASTRO INCORRETO<\/strong><\/p>\n\n\n\n<p>J\u00e1 \u00e9 poss\u00edvel para alguns trabalhadores corrigir o cadastro no aplicativo ou site e contestar a an\u00e1lise feita pelo governo. De acordo com a Caixa, quem est\u00e1 no Cad\u00danico e foi reprovado pela Dataprev, poder\u00e1 solicitar nova avalia\u00e7\u00e3o atrav\u00e9s do cadastramento no aplicativo ou site auxilio.caixa.gov.br.<\/p>\n\n\n\n<p>Para os trabalhadores informais, desempregados e m\u00e3es chefes de fam\u00edlia que se inscrevam para o aux\u00edlio pelo aplicativo ou site, a contesta\u00e7\u00e3o ser\u00e1 liberada por estes canais ainda nesta semana.<\/p>\n\n\n\n<p>Segundo a Caixa, se o retorno da an\u00e1lise for \u201cdados inconclusivos\u201d, ser\u00e1 permitido ao cidad\u00e3o realizar nova solicita\u00e7\u00e3o.<\/p>\n\n\n\n<p>Os motivos da inconclus\u00e3o podem ser:<br>\u2013 Marca\u00e7\u00e3o como chefe de fam\u00edlia sem indica\u00e7\u00e3o de nenhum membro<br>\u2013 Falta de inser\u00e7\u00e3o da informa\u00e7\u00e3o de sexo<br>\u2013 Inser\u00e7\u00e3o incorreta de dados de membro da fam\u00edlia, tais como CPF e data de nascimento<br>\u2013 Diverg\u00eancia de cadastramento entre membros da mesma fam\u00edlia Inclus\u00e3o de alguma pessoa da fam\u00edlia com indicativo de \u00f3bito<br>\u2013 Se o resultado for \u201cbenef\u00edcio n\u00e3o aprovado\u201d, o cidad\u00e3o poder\u00e1 contestar o motivo da n\u00e3o aprova\u00e7\u00e3o ou realizar nova solicita\u00e7\u00e3o.<\/p>\n","protected":false},"excerpt":{"rendered":"<p>&nbsp;Nesta quarta (22), mais de 5 milh\u00f5es de trabalhadores v\u00e3o receber o aux\u00edlio emergencial, segundo a Dataprev, respons\u00e1vel pela an\u00e1lise dos pedidos. Ser\u00e3o pagos, no&hellip; <\/p>\n","protected":false},"author":2,"featured_media":165233,"comment_status":"closed","ping_status":"closed","sticky":false,"template":"","format":"standard","meta":{"sfsi_plus_gutenberg_text_before_share":"","sfsi_plus_gutenberg_show_text_before_share":"","sfsi_plus_gutenberg_icon_type":"","sfsi_plus_gutenberg_icon_alignemt":"","sfsi_plus_gutenburg_max_per_row":"","footnotes":""},"categories":[2],"tags":[],"class_list":["post-165232","post","type-post","status-publish","format-standard","has-post-thumbnail","hentry","category-geral"],"_links":{"self":[{"href":"https:\/\/www.caririemacao.com\/1\/wp-json\/wp\/v2\/posts\/165232","targetHints":{"allow":["GET"]}}],"collection":[{"href":"https:\/\/www.caririemacao.com\/1\/wp-json\/wp\/v2\/posts"}],"about":[{"href":"https:\/\/www.caririemacao.com\/1\/wp-json\/wp\/v2\/types\/post"}],"author":[{"embeddable":true,"href":"https:\/\/www.caririemacao.com\/1\/wp-json\/wp\/v2\/users\/2"}],"replies":[{"embeddable":true,"href":"https:\/\/www.caririemacao.com\/1\/wp-json\/wp\/v2\/comments?post=165232"}],"version-history":[{"count":1,"href":"https:\/\/www.caririemacao.com\/1\/wp-json\/wp\/v2\/posts\/165232\/revisions"}],"predecessor-version":[{"id":165234,"href":"https:\/\/www.caririemacao.com\/1\/wp-json\/wp\/v2\/posts\/165232\/revisions\/165234"}],"wp:featuredmedia":[{"embeddable":true,"href":"https:\/\/www.caririemacao.com\/1\/wp-json\/wp\/v2\/media\/165233"}],"wp:attachment":[{"href":"https:\/\/www.caririemacao.com\/1\/wp-json\/wp\/v2\/media?parent=165232"}],"wp:term":[{"taxonomy":"category","embeddable":true,"href":"https:\/\/www.caririemacao.com\/1\/wp-json\/wp\/v2\/categories?post=165232"},{"taxonomy":"post_tag","embeddable":true,"href":"https:\/\/www.caririemacao.com\/1\/wp-json\/wp\/v2\/tags?post=165232"}],"curies":[{"name":"wp","href":"https:\/\/api.w.org\/{rel}","templated":true}]}}