{"id":165248,"date":"2020-04-22T08:27:25","date_gmt":"2020-04-22T11:27:25","guid":{"rendered":"http:\/\/www.caririemacao.com\/1\/?p=165248"},"modified":"2020-04-22T08:27:26","modified_gmt":"2020-04-22T11:27:26","slug":"mei-tera-emprestimo-facilitado-durante-a-crise","status":"publish","type":"post","link":"https:\/\/www.caririemacao.com\/1\/2020\/04\/22\/mei-tera-emprestimo-facilitado-durante-a-crise\/","title":{"rendered":"MEI ter\u00e1 empr\u00e9stimo facilitado durante a crise"},"content":{"rendered":"\n<p>A Caixa Econ\u00f4mica Federal (Caixa) anunciou, hoje (20), um conv\u00eanio com o Sebrae para oferecer cr\u00e9dito a micro e pequenas empresas e microempreendedores individuais (MEI). A medida ser\u00e1 operacionalizada por meio do Fundo de Aval para as Micro e Pequenas Empresas (Fampe), do Sebrae, e que oferece as garantias complementares. De acordo com o presidente da Caixa, Pedro Guimar\u00e3es, a expectativa do banco \u00e9 disponibilizar o montante de R$ 7,5 bilh\u00f5es em cr\u00e9dito, valor que representa cerca de 1% da carteira do banco.<\/p>\n\n\n\n<p>Guimar\u00e3es disse, durante videoconfer\u00eancia com a participa\u00e7\u00e3o do presidente do Sebrae, Carlos Melles, que o cr\u00e9dito vai atender a um dos segmentos mais afetados pela redu\u00e7\u00e3o na atividade econ\u00f4mica com as medidas de isolamento social adotadas em raz\u00e3o da pandemia do novo coronav\u00edrus (covid-19). Na semana&nbsp;passada, pesquisa&nbsp; nacional divulgada pelo pr\u00f3prio Sebrae apontou que 60% dos mais de 3 mil micro e pequenos empres\u00e1rios ouvidos havia tido pedidos de empr\u00e9stimo negado por bancos, depois da chegada da pandemia.<\/p>\n\n\n\n<p>\u201cEsta opera\u00e7\u00e3o \u00e9 extremamente importante porque oferece o cr\u00e9dito para uma parcela do segmento da economia que n\u00e3o tem tido a oportunidade dessa oferta ultimamente\u201d, disse.<\/p>\n\n\n\n<p>Segundo Guimar\u00e3es, os empr\u00e9stimos ter\u00e3o um per\u00edodo de car\u00eancia que pode chegar a 12 meses e os prazos de pagamento podem variar de 24 a 36 meses. Guimar\u00e3es disse ainda que as garantias complementares concedidas pelo Sebrae por meio do Fampe v\u00e3o permitir ao banco a ado\u00e7\u00e3o de taxas 40% menores do que as praticadas pelo banco.<\/p>\n\n\n\n<p>\u201cA Caixa sempre foi um banco de apoio a esse segmento. Neste momento vamos acelerar o movimento que j\u00e1 existia [de oferta de cr\u00e9dito]. Temos um momento muito especial dado esse problema todo de sa\u00fade que faz com que haja um refor\u00e7o muito grande da nossa estrat\u00e9gia\u201d.<\/p>\n\n\n\n<p><strong>Oferta de cr\u00e9dito<\/strong><\/p>\n\n\n\n<p>Segundo o presidente do Sebrae, Carlos Melles, a oferta de cr\u00e9dito pode atingir 42 milh\u00f5es de pessoas. As micro e pequenas empresas e MEI interessados no acesso aos recursos devem acessar o portal da Caixa para manifestar o interesse.<\/p>\n\n\n\n<p>\u201cVamos fazer um credito assistido, que vai ser acompanhado administrativamente pelo Sebrae e pela Caixa Econ\u00f4mica\u201d, disse Melles.<\/p>\n\n\n\n<p>Ser\u00e3o disponibilizados at\u00e9 R$ 12,5 mil para os MEI, com car\u00eancia de nove meses e taxas de juros de 1,59% ao m\u00eas, com prazo de dois anos para o pagamento. J\u00e1 as micro empresas poder\u00e3o requerer linhas de at\u00e9 R$ 75 mil. Nesse caso, a car\u00eancia \u00e9 de 12 meses, com prazo de amortiza\u00e7\u00e3o em at\u00e9 30 meses, a taxas de 1,39%. As empresas de pequeno porte poder\u00e3o acessar at\u00e9 R$ 125 mil em cr\u00e9dito, tamb\u00e9m com car\u00eancia de 12 mesese prazo de pagamento de at\u00e9 36 meses a juros de 1,19%.<\/p>\n\n\n\n<p>Melles disse que a expectativa inicial do Sebrae era de que o montante disponibilizado pela Caixa chegasse a R$ 12 bilh\u00f5es. O presidente da Caixa disse que o banco at\u00e9 pode aumentar o volume de cr\u00e9dito, mas se houver muita demanda e as opera\u00e7\u00f5es forem lucrativas para a Caixa.<\/p>\n\n\n\n<p>\u201cAs opera\u00e7\u00f5es s\u00f3 ser\u00e3o realizadas se for para a Caixa ganhar dinheiro. N\u00f3s n\u00e3o fazemos opera\u00e7\u00e3o de subs\u00eddio para ningu\u00e9m neste governo\u201d, disse.<\/p>\n\n\n\n<p>\u201cN\u00e3o h\u00e1 a mais leve possibilidade da Caixa realizar qualquer opera\u00e7\u00e3o que n\u00e3o seja sustent\u00e1vel no longo prazo. Por causa disso, pode at\u00e9 chegar a R$ 12 bilh\u00f5es, mas hoje a expectativa com as an\u00e1lises internas da Caixa s\u00e3o R$ 7,5 bi. \u00c9 um dia ap\u00f3s o outro\u201d, afirmou.<\/p>\n","protected":false},"excerpt":{"rendered":"<p>A Caixa Econ\u00f4mica Federal (Caixa) anunciou, hoje (20), um conv\u00eanio com o Sebrae para oferecer cr\u00e9dito a micro e pequenas empresas e microempreendedores individuais (MEI).&hellip; <\/p>\n","protected":false},"author":2,"featured_media":165249,"comment_status":"closed","ping_status":"closed","sticky":false,"template":"","format":"standard","meta":{"sfsi_plus_gutenberg_text_before_share":"","sfsi_plus_gutenberg_show_text_before_share":"","sfsi_plus_gutenberg_icon_type":"","sfsi_plus_gutenberg_icon_alignemt":"","sfsi_plus_gutenburg_max_per_row":"","footnotes":""},"categories":[2],"tags":[],"class_list":["post-165248","post","type-post","status-publish","format-standard","has-post-thumbnail","hentry","category-geral"],"_links":{"self":[{"href":"https:\/\/www.caririemacao.com\/1\/wp-json\/wp\/v2\/posts\/165248","targetHints":{"allow":["GET"]}}],"collection":[{"href":"https:\/\/www.caririemacao.com\/1\/wp-json\/wp\/v2\/posts"}],"about":[{"href":"https:\/\/www.caririemacao.com\/1\/wp-json\/wp\/v2\/types\/post"}],"author":[{"embeddable":true,"href":"https:\/\/www.caririemacao.com\/1\/wp-json\/wp\/v2\/users\/2"}],"replies":[{"embeddable":true,"href":"https:\/\/www.caririemacao.com\/1\/wp-json\/wp\/v2\/comments?post=165248"}],"version-history":[{"count":1,"href":"https:\/\/www.caririemacao.com\/1\/wp-json\/wp\/v2\/posts\/165248\/revisions"}],"predecessor-version":[{"id":165250,"href":"https:\/\/www.caririemacao.com\/1\/wp-json\/wp\/v2\/posts\/165248\/revisions\/165250"}],"wp:featuredmedia":[{"embeddable":true,"href":"https:\/\/www.caririemacao.com\/1\/wp-json\/wp\/v2\/media\/165249"}],"wp:attachment":[{"href":"https:\/\/www.caririemacao.com\/1\/wp-json\/wp\/v2\/media?parent=165248"}],"wp:term":[{"taxonomy":"category","embeddable":true,"href":"https:\/\/www.caririemacao.com\/1\/wp-json\/wp\/v2\/categories?post=165248"},{"taxonomy":"post_tag","embeddable":true,"href":"https:\/\/www.caririemacao.com\/1\/wp-json\/wp\/v2\/tags?post=165248"}],"curies":[{"name":"wp","href":"https:\/\/api.w.org\/{rel}","templated":true}]}}