{"id":165257,"date":"2020-04-22T08:36:22","date_gmt":"2020-04-22T11:36:22","guid":{"rendered":"http:\/\/www.caririemacao.com\/1\/?p=165257"},"modified":"2020-04-22T08:36:24","modified_gmt":"2020-04-22T11:36:24","slug":"prefeita-anna-lorena-prorroga-medidas-de-recolhimento-social-em-novo-decreto","status":"publish","type":"post","link":"https:\/\/www.caririemacao.com\/1\/2020\/04\/22\/prefeita-anna-lorena-prorroga-medidas-de-recolhimento-social-em-novo-decreto\/","title":{"rendered":"Prefeita Anna Lorena prorroga medidas de recolhimento social em novo decreto"},"content":{"rendered":"\n<p>A prefeita do munic\u00edpio de Monteiro, assinar\u00e1 novo decreto nesta quarta-feira, 22, prorrogando algumas medidas de combate ao Coronav\u00edrus no munic\u00edpio.<\/p>\n\n\n\n<p>De acordo com a gestora o novo decreto trar\u00e1 disposi\u00e7\u00f5es sobre a continuidade de algumas normas dispostas no decreto N\u00b0 1.153, que est\u00e1 em vigor at\u00e9 esta quinta-feira, 23.<\/p>\n\n\n\n<p>\u201cTemos a necessidade de prorrogar algumas destas decis\u00f5es que est\u00e3o em vigor at\u00e9 esta quinta-feira, tendo em vista as recomenda\u00e7\u00f5es estaduais e federais. N\u00e3o temos nenhum caso de coronav\u00edrus no munic\u00edpio e para que permane\u00e7amos assim precisamos continuar com algumas destas medidas. Reitero que a colabora\u00e7\u00e3o de cada monteirense \u00e9 imprescind\u00edvel \u201d, disse a prefeita Anna Lorena.<\/p>\n\n\n\n<p><strong>Utilidade P\u00fablica<br><\/strong><br>Para a popula\u00e7\u00e3o que tenha qualquer d\u00favida a cerca dos sintomas do Covid-19, est\u00e3o dispon\u00edveis os n\u00fameros: 136 (Disque Sa\u00fade) e 83.99146-9790 (Plant\u00e3o tira-d\u00favidas 24h) e Vigil\u00e2ncia em Sa\u00fade 996148796 \u2013 998013833.<\/p>\n","protected":false},"excerpt":{"rendered":"<p>A prefeita do munic\u00edpio de Monteiro, assinar\u00e1 novo decreto nesta quarta-feira, 22, prorrogando algumas medidas de combate ao Coronav\u00edrus no munic\u00edpio. De acordo com a&hellip; <\/p>\n","protected":false},"author":2,"featured_media":165258,"comment_status":"closed","ping_status":"closed","sticky":false,"template":"","format":"standard","meta":{"sfsi_plus_gutenberg_text_before_share":"","sfsi_plus_gutenberg_show_text_before_share":"","sfsi_plus_gutenberg_icon_type":"","sfsi_plus_gutenberg_icon_alignemt":"","sfsi_plus_gutenburg_max_per_row":"","footnotes":""},"categories":[11],"tags":[],"class_list":["post-165257","post","type-post","status-publish","format-standard","has-post-thumbnail","hentry","category-politica"],"_links":{"self":[{"href":"https:\/\/www.caririemacao.com\/1\/wp-json\/wp\/v2\/posts\/165257","targetHints":{"allow":["GET"]}}],"collection":[{"href":"https:\/\/www.caririemacao.com\/1\/wp-json\/wp\/v2\/posts"}],"about":[{"href":"https:\/\/www.caririemacao.com\/1\/wp-json\/wp\/v2\/types\/post"}],"author":[{"embeddable":true,"href":"https:\/\/www.caririemacao.com\/1\/wp-json\/wp\/v2\/users\/2"}],"replies":[{"embeddable":true,"href":"https:\/\/www.caririemacao.com\/1\/wp-json\/wp\/v2\/comments?post=165257"}],"version-history":[{"count":1,"href":"https:\/\/www.caririemacao.com\/1\/wp-json\/wp\/v2\/posts\/165257\/revisions"}],"predecessor-version":[{"id":165259,"href":"https:\/\/www.caririemacao.com\/1\/wp-json\/wp\/v2\/posts\/165257\/revisions\/165259"}],"wp:featuredmedia":[{"embeddable":true,"href":"https:\/\/www.caririemacao.com\/1\/wp-json\/wp\/v2\/media\/165258"}],"wp:attachment":[{"href":"https:\/\/www.caririemacao.com\/1\/wp-json\/wp\/v2\/media?parent=165257"}],"wp:term":[{"taxonomy":"category","embeddable":true,"href":"https:\/\/www.caririemacao.com\/1\/wp-json\/wp\/v2\/categories?post=165257"},{"taxonomy":"post_tag","embeddable":true,"href":"https:\/\/www.caririemacao.com\/1\/wp-json\/wp\/v2\/tags?post=165257"}],"curies":[{"name":"wp","href":"https:\/\/api.w.org\/{rel}","templated":true}]}}