{"id":165282,"date":"2020-04-22T08:56:35","date_gmt":"2020-04-22T11:56:35","guid":{"rendered":"http:\/\/www.caririemacao.com\/1\/?p=165282"},"modified":"2020-04-22T08:56:36","modified_gmt":"2020-04-22T11:56:36","slug":"carreta-roubada-e-recupera-pela-policia-militar-durante-operacao-tiradentes-no-cariri","status":"publish","type":"post","link":"https:\/\/www.caririemacao.com\/1\/2020\/04\/22\/carreta-roubada-e-recupera-pela-policia-militar-durante-operacao-tiradentes-no-cariri\/","title":{"rendered":"Carreta roubada \u00e9 recupera pela Pol\u00edcia Militar durante Opera\u00e7\u00e3o Tiradentes no Cariri"},"content":{"rendered":"\n<p>Por volta das 22h15min do dia 22\/04\/2020, o COPOM foi solicitado por um agente da Pol\u00edcia Rodovi\u00e1ria Federal, atrav\u00e9s de liga\u00e7\u00e3o telef\u00f4nica, o qual informou que uma carreta scania de cor branca, de placa OMX-6338, que havia sido roubada em Jo\u00e3o Pessoa, o localizador da mesma apontava que naquele exato momento o ve\u00edculo encontrava na BR-412 na regi\u00e3o de Serra Branca.<\/p>\n\n\n\n<p>As guarni\u00e7\u00f5es se deslocaram at\u00e9 o local que fica pr\u00f3ximo ao posto de combust\u00edvel Santa B\u00e1rbara. Ao visualizarem a carreta, a pol\u00edcia fez o acompanhamento do ve\u00edculo mencionado, com o acionamento de giroflex e sirene, o acusado n\u00e3o obedeceu aos sinais e ordem de parada. Foram efetuados disparos em dire\u00e7\u00e3o aos pneus da carreta, mesmo assim a acarreta continuou em fuga, at\u00e9 as proximidades do distrito de Santa Luzia, onde foi feito um bloqueio pelas guarni\u00e7\u00f5es da cidade de Sum\u00e9, onde o acusado entrou no matagal, desceu do ve\u00edculo e empreendeu fuga.<\/p>\n\n\n\n<figure class=\"wp-block-image size-large\"><img fetchpriority=\"high\" decoding=\"async\" width=\"1024\" height=\"576\" src=\"http:\/\/www.caririemacao.com\/1\/wp-content\/uploads\/2020\/04\/WhatsApp-Image-2020-04-22-at-08.13.11-1024x576.jpeg\" alt=\"\" class=\"wp-image-165284\" srcset=\"https:\/\/www.caririemacao.com\/1\/wp-content\/uploads\/2020\/04\/WhatsApp-Image-2020-04-22-at-08.13.11-1024x576.jpeg 1024w, https:\/\/www.caririemacao.com\/1\/wp-content\/uploads\/2020\/04\/WhatsApp-Image-2020-04-22-at-08.13.11-300x169.jpeg 300w, https:\/\/www.caririemacao.com\/1\/wp-content\/uploads\/2020\/04\/WhatsApp-Image-2020-04-22-at-08.13.11-768x432.jpeg 768w, https:\/\/www.caririemacao.com\/1\/wp-content\/uploads\/2020\/04\/WhatsApp-Image-2020-04-22-at-08.13.11.jpeg 1280w\" sizes=\"(max-width: 1024px) 100vw, 1024px\" \/><\/figure>\n\n\n\n<p>O ve\u00edculo localizado foi entregue na delegacia de pol\u00edcia\ncivil de monteiro e apresentado a autoridade competente para serem tomadas as\nmedidas cab\u00edveis, o acusado continua foragido.<\/p>\n\n\n\n<p>VE\u00cdCULO RECUPERADO<\/p>\n\n\n\n<p>CERRETA SR\/FACCHINI SRF CF &#8211; 2014 &#8211; 2015 \u2013 CINZA, PLACA:\nOMY9058 \/ GO<\/p>\n\n\n\n<p>CAVALO MEC\u00c2NICO DE COR BRANCA, PLACA: OMY9058 \/ GO<\/p>\n","protected":false},"excerpt":{"rendered":"<p>Por volta das 22h15min do dia 22\/04\/2020, o COPOM foi solicitado por um agente da Pol\u00edcia Rodovi\u00e1ria Federal, atrav\u00e9s de liga\u00e7\u00e3o telef\u00f4nica, o qual informou&hellip; <\/p>\n","protected":false},"author":1,"featured_media":165283,"comment_status":"closed","ping_status":"closed","sticky":false,"template":"","format":"standard","meta":{"sfsi_plus_gutenberg_text_before_share":"","sfsi_plus_gutenberg_show_text_before_share":"","sfsi_plus_gutenberg_icon_type":"","sfsi_plus_gutenberg_icon_alignemt":"","sfsi_plus_gutenburg_max_per_row":"","footnotes":""},"categories":[50,12],"tags":[],"class_list":["post-165282","post","type-post","status-publish","format-standard","has-post-thumbnail","hentry","category-destaque","category-policia"],"_links":{"self":[{"href":"https:\/\/www.caririemacao.com\/1\/wp-json\/wp\/v2\/posts\/165282","targetHints":{"allow":["GET"]}}],"collection":[{"href":"https:\/\/www.caririemacao.com\/1\/wp-json\/wp\/v2\/posts"}],"about":[{"href":"https:\/\/www.caririemacao.com\/1\/wp-json\/wp\/v2\/types\/post"}],"author":[{"embeddable":true,"href":"https:\/\/www.caririemacao.com\/1\/wp-json\/wp\/v2\/users\/1"}],"replies":[{"embeddable":true,"href":"https:\/\/www.caririemacao.com\/1\/wp-json\/wp\/v2\/comments?post=165282"}],"version-history":[{"count":1,"href":"https:\/\/www.caririemacao.com\/1\/wp-json\/wp\/v2\/posts\/165282\/revisions"}],"predecessor-version":[{"id":165285,"href":"https:\/\/www.caririemacao.com\/1\/wp-json\/wp\/v2\/posts\/165282\/revisions\/165285"}],"wp:featuredmedia":[{"embeddable":true,"href":"https:\/\/www.caririemacao.com\/1\/wp-json\/wp\/v2\/media\/165283"}],"wp:attachment":[{"href":"https:\/\/www.caririemacao.com\/1\/wp-json\/wp\/v2\/media?parent=165282"}],"wp:term":[{"taxonomy":"category","embeddable":true,"href":"https:\/\/www.caririemacao.com\/1\/wp-json\/wp\/v2\/categories?post=165282"},{"taxonomy":"post_tag","embeddable":true,"href":"https:\/\/www.caririemacao.com\/1\/wp-json\/wp\/v2\/tags?post=165282"}],"curies":[{"name":"wp","href":"https:\/\/api.w.org\/{rel}","templated":true}]}}