{"id":165291,"date":"2020-04-22T09:43:13","date_gmt":"2020-04-22T12:43:13","guid":{"rendered":"http:\/\/www.caririemacao.com\/1\/?p=165291"},"modified":"2020-04-22T09:43:15","modified_gmt":"2020-04-22T12:43:15","slug":"grupo-e-preso-suspeito-de-roubar-cargas-de-leite-em-po-avaliadas-em-r-1-milhao-e-fazer-motoristas-refens-na-paraiba","status":"publish","type":"post","link":"https:\/\/www.caririemacao.com\/1\/2020\/04\/22\/grupo-e-preso-suspeito-de-roubar-cargas-de-leite-em-po-avaliadas-em-r-1-milhao-e-fazer-motoristas-refens-na-paraiba\/","title":{"rendered":"Grupo \u00e9 preso suspeito de roubar cargas de leite em p\u00f3 avaliadas em R$ 1 milh\u00e3o e fazer motoristas ref\u00e9ns na Para\u00edba"},"content":{"rendered":"\n<p>A Pol\u00edcia Rodovi\u00e1ria Federal (PRF) na Para\u00edba prendeu quatro homens suspeitos de roubar duas carretas carregadas de leite em p\u00f3 avaliadas em R$ 1 milh\u00e3o e fazer dois motoristas ref\u00e9ns, na noite desta ter\u00e7a-feira (21), na Para\u00edba. Na a\u00e7\u00e3o foram apreendidas tr\u00eas armas de fogo, recuperada as carretas e um carro roubado.&nbsp;<\/p>\n\n\n\n<p>A a\u00e7\u00e3o iniciou por volta das 20h, em duas abordagens a autom\u00f3veis diferentes, ambos na BR-230, nas proximidades de Caf\u00e9 do Vento, munic\u00edpio de Sobrado\/PB, onde haviam em cada ve\u00edculo tr\u00eas ocupantes, sendo dois criminosos e uma v\u00edtima sequestrada.&nbsp;<\/p>\n\n\n\n<p>Dentro do primeiro ve\u00edculo, um VW\/Gol, com placas de Recife\/PE, foi encontrada uma pistola de calibre 380, j\u00e1 no segundo ve\u00edculo, um Peugeot\/408, com placas aparentes de Macei\u00f3\/AL, foram encontrados um rev\u00f3lver e uma pistola. Haviam ainda muita muni\u00e7\u00e3o e r\u00e1dios HTs para comunica\u00e7\u00e3o, al\u00e9m de v\u00e1rios aparelhos celulares.<\/p>\n\n\n\n<p>Durante as abordagens, as v\u00edtimas informaram que estavam sendo sequestradas, que foram assaltadas na tarde desta ter\u00e7a-feira (21) na Para\u00edba em a\u00e7\u00f5es diferentes, sendo uma em Alcantil e outra em Campina Grande. Com as informa\u00e7\u00f5es das carretas roubadas, as quais estavam carregadas com leite em p\u00f3, foram realizadas buscas, sendo encontrado o primeiro ve\u00edculo abandonado no KM 103 da BR 230, munic\u00edpio de Ing\u00e1, com a carga \u00edntegra. A segunda carreta foi interceptada somente no in\u00edcio da madrugada desta quarta-feira (22), pela Pol\u00edcia Militar do Estado da Para\u00edba, no munic\u00edpio de Sum\u00e9\/PB, onde o motorista, ap\u00f3s acompanhamento t\u00e1tico, conseguiu fugir para o mato. Foram realizadas buscas, mas os motoristas n\u00e3o foram encontrados.<\/p>\n\n\n\n<p>Ap\u00f3s uma fiscaliza\u00e7\u00e3o minuciosa nos ve\u00edculos, foi constatou-se que o ve\u00edculo Peugeot\/408 utilizado pelos criminosos durante a a\u00e7\u00e3o era clonado e havia sido roubado em setembro de 2019, no munic\u00edpio de Palmares\/PE.<\/p>\n\n\n\n<p>Os homens detidos, dois de 29 anos e dois de 25 anos, eram moradores de Pernambuco e j\u00e1 possuem extensa ficha criminal e dever\u00e3o responder agora pelos crimes de porte ilegal de arma de fogo, roubo de carga, sequestro e c\u00e1rcere privado, associa\u00e7\u00e3o criminosa, recepta\u00e7\u00e3o de ve\u00edculo roubado e adultera\u00e7\u00e3o veicular.&nbsp;<\/p>\n\n\n\n<p>O grupo foi&nbsp;encaminhado&nbsp;para a Central de Flagrantes de Jo\u00e3o Pessoa.<\/p>\n","protected":false},"excerpt":{"rendered":"<p>A Pol\u00edcia Rodovi\u00e1ria Federal (PRF) na Para\u00edba prendeu quatro homens suspeitos de roubar duas carretas carregadas de leite em p\u00f3 avaliadas em R$ 1 milh\u00e3o&hellip; <\/p>\n","protected":false},"author":2,"featured_media":165292,"comment_status":"closed","ping_status":"closed","sticky":false,"template":"","format":"standard","meta":{"sfsi_plus_gutenberg_text_before_share":"","sfsi_plus_gutenberg_show_text_before_share":"","sfsi_plus_gutenberg_icon_type":"","sfsi_plus_gutenberg_icon_alignemt":"","sfsi_plus_gutenburg_max_per_row":"","footnotes":""},"categories":[12],"tags":[],"class_list":["post-165291","post","type-post","status-publish","format-standard","has-post-thumbnail","hentry","category-policia"],"_links":{"self":[{"href":"https:\/\/www.caririemacao.com\/1\/wp-json\/wp\/v2\/posts\/165291","targetHints":{"allow":["GET"]}}],"collection":[{"href":"https:\/\/www.caririemacao.com\/1\/wp-json\/wp\/v2\/posts"}],"about":[{"href":"https:\/\/www.caririemacao.com\/1\/wp-json\/wp\/v2\/types\/post"}],"author":[{"embeddable":true,"href":"https:\/\/www.caririemacao.com\/1\/wp-json\/wp\/v2\/users\/2"}],"replies":[{"embeddable":true,"href":"https:\/\/www.caririemacao.com\/1\/wp-json\/wp\/v2\/comments?post=165291"}],"version-history":[{"count":1,"href":"https:\/\/www.caririemacao.com\/1\/wp-json\/wp\/v2\/posts\/165291\/revisions"}],"predecessor-version":[{"id":165293,"href":"https:\/\/www.caririemacao.com\/1\/wp-json\/wp\/v2\/posts\/165291\/revisions\/165293"}],"wp:featuredmedia":[{"embeddable":true,"href":"https:\/\/www.caririemacao.com\/1\/wp-json\/wp\/v2\/media\/165292"}],"wp:attachment":[{"href":"https:\/\/www.caririemacao.com\/1\/wp-json\/wp\/v2\/media?parent=165291"}],"wp:term":[{"taxonomy":"category","embeddable":true,"href":"https:\/\/www.caririemacao.com\/1\/wp-json\/wp\/v2\/categories?post=165291"},{"taxonomy":"post_tag","embeddable":true,"href":"https:\/\/www.caririemacao.com\/1\/wp-json\/wp\/v2\/tags?post=165291"}],"curies":[{"name":"wp","href":"https:\/\/api.w.org\/{rel}","templated":true}]}}