{"id":165307,"date":"2020-04-22T10:11:42","date_gmt":"2020-04-22T13:11:42","guid":{"rendered":"http:\/\/www.caririemacao.com\/1\/?p=165307"},"modified":"2020-04-22T10:11:44","modified_gmt":"2020-04-22T13:11:44","slug":"jovem-de-18-anos-e-primeiro-caso-confirmado-de-covid-19-no-municipio-do-conde","status":"publish","type":"post","link":"https:\/\/www.caririemacao.com\/1\/2020\/04\/22\/jovem-de-18-anos-e-primeiro-caso-confirmado-de-covid-19-no-municipio-do-conde\/","title":{"rendered":"Jovem de 18 anos \u00e9 primeiro caso confirmado de Covid-19 no munic\u00edpio do Conde"},"content":{"rendered":"\n<p>A Prefeitura do Conde confirmou na noite desta ter\u00e7a-feira (21), o primeiro caso de Coronav\u00edrus no munic\u00edpio. A informa\u00e7\u00e3o foi dada pela Prefeitura ap\u00f3s a divulga\u00e7\u00e3o do Boletim Epidemiol\u00f3gico atrav\u00e9s da Secretaria de Sa\u00fade da Para\u00edba.&nbsp;<\/p>\n\n\n\n<p>O caso \u00e9 de um jovem de 18 anos,&nbsp;morador do Loteamento Cidade das Crian\u00e7as. De acordo com a Prefeitura, ele apresentou sintomas relacionados a doen\u00e7a e fez o teste na \u00faltima segunda-feira (20).&nbsp;<\/p>\n\n\n\n<p>O paciente segue em isolamento domiciliar sendo monitorado pelas equipes da Vigil\u00e2ncia em Sa\u00fade.<\/p>\n\n\n\n<p><strong>Confira a&nbsp; nota&nbsp;<\/strong><\/p>\n\n\n\n<p><em>Nota Oficial \u2013 Secretaria de Sa\u00fade de Conde\/PB<\/em><\/p>\n\n\n\n<p><em>A Secretaria de Sa\u00fade de Conde recebeu na noite desta ter\u00e7a-feira, (21\/04), o exame que confirma o primeiro caso de Covid-19 no munic\u00edpio. Trata-se de um homem de 18 anos, residente no bairro da Cidade das Crian\u00e7as, que apresentou sintomas como febre, dor de garganta, diarreia, v\u00f4mito, sudorese e tosse, ap\u00f3s regressar de viagens a trabalho.<\/em><\/p>\n\n\n\n<p><em>O paciente foi atendido no Pronto Atendimento e Unidade B\u00e1sica de Sa\u00fade de Nossa Senhora da Concei\u00e7\u00e3o. Foi coletada amostra da sua nasofaringe e enviada para o Laborat\u00f3rio Central de Sa\u00fade P\u00fablica da Para\u00edba (Lacen-PB), sendo o mesmo orientado a permanecer em isolamento domiciliar. Os casos contactantes domiciliares est\u00e3o sendo investigados e ser\u00e3o coletadas amostras para a realiza\u00e7\u00e3o de exames espec\u00edficos pelo Lacen-PB.<\/em><\/p>\n\n\n\n<p><em>At\u00e9 o momento, a Vigil\u00e2ncia em Sa\u00fade e Unidades B\u00e1sicas monitoram 14 casos em isolamento domiciliar, 02 casos em investiga\u00e7\u00e3o com coleta de exames, 06 casos j\u00e1 foram descartados e 25 sa\u00edram do isolamento domiciliar.<\/em><\/p>\n\n\n\n<p><em>Seguimos no combate para diminuir a transmiss\u00e3o da Covid-19. Permane\u00e7am cumprindo o isolamento social, bem como as recomenda\u00e7\u00f5es do Minist\u00e9rio da Sa\u00fade de evitar aglomera\u00e7\u00f5es, lavar as m\u00e3os com \u00e1gua e sab\u00e3o sempre que poss\u00edvel, evitem levar as m\u00e3os \u00e0 boca, nariz e olhos e se precisar sair de casa, use m\u00e1scara.<\/em><\/p>\n\n\n\n<figure class=\"wp-block-image\"><img decoding=\"async\" data-src=\"https:\/\/www.clickpb.com.br\/media\/filer_public\/9c\/86\/9c865ff2-5f6c-4819-88ea-80c5ca07c613\/informativo_covid_conde.jpeg\" alt=\"\" src=\"data:image\/svg+xml;base64,PHN2ZyB3aWR0aD0iMSIgaGVpZ2h0PSIxIiB4bWxucz0iaHR0cDovL3d3dy53My5vcmcvMjAwMC9zdmciPjwvc3ZnPg==\" class=\"lazyload\" \/><\/figure>\n","protected":false},"excerpt":{"rendered":"<p>A Prefeitura do Conde confirmou na noite desta ter\u00e7a-feira (21), o primeiro caso de Coronav\u00edrus no munic\u00edpio. A informa\u00e7\u00e3o foi dada pela Prefeitura ap\u00f3s a&hellip; <\/p>\n","protected":false},"author":2,"featured_media":165308,"comment_status":"closed","ping_status":"closed","sticky":false,"template":"","format":"standard","meta":{"sfsi_plus_gutenberg_text_before_share":"","sfsi_plus_gutenberg_show_text_before_share":"","sfsi_plus_gutenberg_icon_type":"","sfsi_plus_gutenberg_icon_alignemt":"","sfsi_plus_gutenburg_max_per_row":"","footnotes":""},"categories":[2],"tags":[],"class_list":["post-165307","post","type-post","status-publish","format-standard","has-post-thumbnail","hentry","category-geral"],"_links":{"self":[{"href":"https:\/\/www.caririemacao.com\/1\/wp-json\/wp\/v2\/posts\/165307","targetHints":{"allow":["GET"]}}],"collection":[{"href":"https:\/\/www.caririemacao.com\/1\/wp-json\/wp\/v2\/posts"}],"about":[{"href":"https:\/\/www.caririemacao.com\/1\/wp-json\/wp\/v2\/types\/post"}],"author":[{"embeddable":true,"href":"https:\/\/www.caririemacao.com\/1\/wp-json\/wp\/v2\/users\/2"}],"replies":[{"embeddable":true,"href":"https:\/\/www.caririemacao.com\/1\/wp-json\/wp\/v2\/comments?post=165307"}],"version-history":[{"count":1,"href":"https:\/\/www.caririemacao.com\/1\/wp-json\/wp\/v2\/posts\/165307\/revisions"}],"predecessor-version":[{"id":165309,"href":"https:\/\/www.caririemacao.com\/1\/wp-json\/wp\/v2\/posts\/165307\/revisions\/165309"}],"wp:featuredmedia":[{"embeddable":true,"href":"https:\/\/www.caririemacao.com\/1\/wp-json\/wp\/v2\/media\/165308"}],"wp:attachment":[{"href":"https:\/\/www.caririemacao.com\/1\/wp-json\/wp\/v2\/media?parent=165307"}],"wp:term":[{"taxonomy":"category","embeddable":true,"href":"https:\/\/www.caririemacao.com\/1\/wp-json\/wp\/v2\/categories?post=165307"},{"taxonomy":"post_tag","embeddable":true,"href":"https:\/\/www.caririemacao.com\/1\/wp-json\/wp\/v2\/tags?post=165307"}],"curies":[{"name":"wp","href":"https:\/\/api.w.org\/{rel}","templated":true}]}}