{"id":165311,"date":"2020-04-22T10:14:12","date_gmt":"2020-04-22T13:14:12","guid":{"rendered":"http:\/\/www.caririemacao.com\/1\/?p=165311"},"modified":"2020-04-22T10:14:14","modified_gmt":"2020-04-22T13:14:14","slug":"governo-da-paraiba-adia-vacinacao-contra-a-febre-aftosa-por-conta-da-pandemia","status":"publish","type":"post","link":"https:\/\/www.caririemacao.com\/1\/2020\/04\/22\/governo-da-paraiba-adia-vacinacao-contra-a-febre-aftosa-por-conta-da-pandemia\/","title":{"rendered":"Governo da Para\u00edba adia vacina\u00e7\u00e3o contra a febre aftosa por conta da pandemia"},"content":{"rendered":"\n<p>O Governo do Estado, por meio da Secretaria do Desenvolvimento da Agropecu\u00e1ria e da&nbsp; Pesca (Sedap), resolveu adiar a primeira fase de vacina\u00e7\u00e3o da febre aftosa na Para\u00edba, que estava prevista para acontecer de 1\u00b0 a 31 de maio. O novo per\u00edodo ser\u00e1 de 1\u00b0 a 30 de junho deste ano.&nbsp;<\/p>\n\n\n\n<p>De acordo com a portaria, publicada no Di\u00e1rio Oficial do Estado (DOE) desta ter\u00e7a-feira (21), a decis\u00e3o foi tomada em virtude da pandemia causada pelo novo coronav\u00edrus, e tem por objetivos resguardar a sa\u00fade do produtor rural e garantir a efic\u00e1cia da cobertura vacinal, fazendo com que a Para\u00edba esteja cada vez mais perto da categoria &#8220;livre de febre aftosa sem vacina\u00e7\u00e3o&#8221;.&nbsp;<br>&nbsp;<br>O secret\u00e1rio de Estado do Desenvolvimento da Agropecu\u00e1ria e da Pesca, Efraim Morais, explicou o adiamento da vacina\u00e7\u00e3o contra a febre aftosa. &#8220;Este adiamento objetiva preservar a cobertura vacinal adequada no cen\u00e1rio atual, atendendo aos anseios decorrentes do enfrentamento da emerg\u00eancia sanit\u00e1ria, em que o Estado da Para\u00edba busca a conquista do status &#8216;livre de febre aftosa sem vacina\u00e7\u00e3o&#8217; e evitando, ao mesmo tempo, que o produtor rural venha a se expor \u00e0 contamina\u00e7\u00e3o do novo coronav\u00edrus no momento da compra e at\u00e9 mesmo no momento da declara\u00e7\u00e3o da vacina&#8221;, observou.<br>&nbsp;<br>Com um rebanho bovino superior a 1 milh\u00e3o de cabe\u00e7as de gado, desde 2011, o desempenho do Estado em vacina\u00e7\u00e3o contra a febre aftosa ultrapassa a meta de 90% do rebanho. Por esse destaque, a Para\u00edba ostenta, desde 2014, o certificado de \u201cEstado livre da febre aftosa com vacina\u00e7\u00e3o\u201d, fornecido pela Organiza\u00e7\u00e3o Mundial de Sa\u00fade Animal (OIE). A meta \u00e9 que, at\u00e9 2021, o Estado consiga o status de livre da febre aftosa sem vacina\u00e7\u00e3o, conforme preconiza o Minist\u00e9rio da Agricultura, Pecu\u00e1ria e Abastecimento (Mapa).<\/p>\n","protected":false},"excerpt":{"rendered":"<p>O Governo do Estado, por meio da Secretaria do Desenvolvimento da Agropecu\u00e1ria e da&nbsp; Pesca (Sedap), resolveu adiar a primeira fase de vacina\u00e7\u00e3o da febre&hellip; <\/p>\n","protected":false},"author":2,"featured_media":165312,"comment_status":"closed","ping_status":"closed","sticky":false,"template":"","format":"standard","meta":{"sfsi_plus_gutenberg_text_before_share":"","sfsi_plus_gutenberg_show_text_before_share":"","sfsi_plus_gutenberg_icon_type":"","sfsi_plus_gutenberg_icon_alignemt":"","sfsi_plus_gutenburg_max_per_row":"","footnotes":""},"categories":[2],"tags":[],"class_list":["post-165311","post","type-post","status-publish","format-standard","has-post-thumbnail","hentry","category-geral"],"_links":{"self":[{"href":"https:\/\/www.caririemacao.com\/1\/wp-json\/wp\/v2\/posts\/165311","targetHints":{"allow":["GET"]}}],"collection":[{"href":"https:\/\/www.caririemacao.com\/1\/wp-json\/wp\/v2\/posts"}],"about":[{"href":"https:\/\/www.caririemacao.com\/1\/wp-json\/wp\/v2\/types\/post"}],"author":[{"embeddable":true,"href":"https:\/\/www.caririemacao.com\/1\/wp-json\/wp\/v2\/users\/2"}],"replies":[{"embeddable":true,"href":"https:\/\/www.caririemacao.com\/1\/wp-json\/wp\/v2\/comments?post=165311"}],"version-history":[{"count":1,"href":"https:\/\/www.caririemacao.com\/1\/wp-json\/wp\/v2\/posts\/165311\/revisions"}],"predecessor-version":[{"id":165313,"href":"https:\/\/www.caririemacao.com\/1\/wp-json\/wp\/v2\/posts\/165311\/revisions\/165313"}],"wp:featuredmedia":[{"embeddable":true,"href":"https:\/\/www.caririemacao.com\/1\/wp-json\/wp\/v2\/media\/165312"}],"wp:attachment":[{"href":"https:\/\/www.caririemacao.com\/1\/wp-json\/wp\/v2\/media?parent=165311"}],"wp:term":[{"taxonomy":"category","embeddable":true,"href":"https:\/\/www.caririemacao.com\/1\/wp-json\/wp\/v2\/categories?post=165311"},{"taxonomy":"post_tag","embeddable":true,"href":"https:\/\/www.caririemacao.com\/1\/wp-json\/wp\/v2\/tags?post=165311"}],"curies":[{"name":"wp","href":"https:\/\/api.w.org\/{rel}","templated":true}]}}