{"id":165323,"date":"2020-04-22T11:22:09","date_gmt":"2020-04-22T14:22:09","guid":{"rendered":"http:\/\/www.caririemacao.com\/1\/?p=165323"},"modified":"2020-04-22T11:22:12","modified_gmt":"2020-04-22T14:22:12","slug":"policiais-do-11-batalhao-recebem-vacina-contra-a-influenza","status":"publish","type":"post","link":"https:\/\/www.caririemacao.com\/1\/2020\/04\/22\/policiais-do-11-batalhao-recebem-vacina-contra-a-influenza\/","title":{"rendered":"Policiais do 11\u00b0 batalh\u00e3o recebem vacina contra a influenza"},"content":{"rendered":"\n<p>A Comiss\u00e3o de Enfrentamento \u00e0 Pandemia do Novo Coronav\u00edrus no \u00e2mbito da Pol\u00edcia Militar em parceria com as Secretarias de Sa\u00fade de Monteiro, Sum\u00e9 e Serra Branca, fizeram na manh\u00e3 do dia 22, um mutir\u00e3o, para fazer a vacina\u00e7\u00e3o dos integrantes do 11\u00ba BPM contra a influenza. Apesar de n\u00e3o prevenir contra a COVID-19, a vacina evita tr\u00eas tipos de v\u00edrus da gripe: a Influenza A (H1N1), Influenza B e Influenza A (H3N2).<\/p>\n\n\n\n<figure class=\"wp-block-image size-large\"><img fetchpriority=\"high\" decoding=\"async\" width=\"768\" height=\"1024\" src=\"http:\/\/www.caririemacao.com\/1\/wp-content\/uploads\/2020\/04\/IMG-20200422-WA0040-1-768x1024.jpg\" alt=\"\" class=\"wp-image-165327\" srcset=\"https:\/\/www.caririemacao.com\/1\/wp-content\/uploads\/2020\/04\/IMG-20200422-WA0040-1-768x1024.jpg 768w, https:\/\/www.caririemacao.com\/1\/wp-content\/uploads\/2020\/04\/IMG-20200422-WA0040-1-225x300.jpg 225w, https:\/\/www.caririemacao.com\/1\/wp-content\/uploads\/2020\/04\/IMG-20200422-WA0040-1.jpg 960w\" sizes=\"(max-width: 768px) 100vw, 768px\" \/><\/figure>\n\n\n\n<p>Os policiais militares fazem parte do p\u00fablico contemplado com a 2\u00aa etapa da vacina\u00e7\u00e3o, que s\u00e3o os profissionais das for\u00e7as de seguran\u00e7a e salvamento, caminhoneiros, motoristas de transporte coletivo, pessoas com doen\u00e7as cr\u00f4nicas, entre outros.<\/p>\n\n\n\n<p>A orienta\u00e7\u00e3o repassada aos policiais \u00e9 que mantenham a carteira de vacina\u00e7\u00e3o em dia e assim fiquem protegidos contra outras doen\u00e7as, principalmente neste momento em que estamos trabalhando bastante nas a\u00e7\u00f5es para prevenir a prolifera\u00e7\u00e3o de outro v\u00edrus.<\/p>\n","protected":false},"excerpt":{"rendered":"<p>A Comiss\u00e3o de Enfrentamento \u00e0 Pandemia do Novo Coronav\u00edrus no \u00e2mbito da Pol\u00edcia Militar em parceria com as Secretarias de Sa\u00fade de Monteiro, Sum\u00e9 e&hellip; <\/p>\n","protected":false},"author":1,"featured_media":165325,"comment_status":"closed","ping_status":"closed","sticky":false,"template":"","format":"standard","meta":{"sfsi_plus_gutenberg_text_before_share":"","sfsi_plus_gutenberg_show_text_before_share":"","sfsi_plus_gutenberg_icon_type":"","sfsi_plus_gutenberg_icon_alignemt":"","sfsi_plus_gutenburg_max_per_row":"","footnotes":""},"categories":[50,12],"tags":[],"class_list":["post-165323","post","type-post","status-publish","format-standard","has-post-thumbnail","hentry","category-destaque","category-policia"],"_links":{"self":[{"href":"https:\/\/www.caririemacao.com\/1\/wp-json\/wp\/v2\/posts\/165323","targetHints":{"allow":["GET"]}}],"collection":[{"href":"https:\/\/www.caririemacao.com\/1\/wp-json\/wp\/v2\/posts"}],"about":[{"href":"https:\/\/www.caririemacao.com\/1\/wp-json\/wp\/v2\/types\/post"}],"author":[{"embeddable":true,"href":"https:\/\/www.caririemacao.com\/1\/wp-json\/wp\/v2\/users\/1"}],"replies":[{"embeddable":true,"href":"https:\/\/www.caririemacao.com\/1\/wp-json\/wp\/v2\/comments?post=165323"}],"version-history":[{"count":1,"href":"https:\/\/www.caririemacao.com\/1\/wp-json\/wp\/v2\/posts\/165323\/revisions"}],"predecessor-version":[{"id":165328,"href":"https:\/\/www.caririemacao.com\/1\/wp-json\/wp\/v2\/posts\/165323\/revisions\/165328"}],"wp:featuredmedia":[{"embeddable":true,"href":"https:\/\/www.caririemacao.com\/1\/wp-json\/wp\/v2\/media\/165325"}],"wp:attachment":[{"href":"https:\/\/www.caririemacao.com\/1\/wp-json\/wp\/v2\/media?parent=165323"}],"wp:term":[{"taxonomy":"category","embeddable":true,"href":"https:\/\/www.caririemacao.com\/1\/wp-json\/wp\/v2\/categories?post=165323"},{"taxonomy":"post_tag","embeddable":true,"href":"https:\/\/www.caririemacao.com\/1\/wp-json\/wp\/v2\/tags?post=165323"}],"curies":[{"name":"wp","href":"https:\/\/api.w.org\/{rel}","templated":true}]}}